{"id":531,"date":"2025-06-12T17:15:54","date_gmt":"2025-06-12T15:15:54","guid":{"rendered":"https:\/\/bcu.opole.pl\/bcu2\/?p=531"},"modified":"2025-06-16T09:15:07","modified_gmt":"2025-06-16T07:15:07","slug":"stoisko-bcu-poligrafia-na-festiwalu-ksiazki-opole","status":"publish","type":"post","link":"https:\/\/bcu.opole.pl\/bcu2\/2025\/06\/12\/stoisko-bcu-poligrafia-na-festiwalu-ksiazki-opole\/","title":{"rendered":"Festiwal Ksi\u0105\u017cki w Opolu: BCU prezentuje \u015bwiat druku i poligrafii!"},"content":{"rendered":"\n<figure class=\"wp-block-image size-large is-resized\"><img loading=\"lazy\" decoding=\"async\" width=\"1024\" height=\"690\" src=\"https:\/\/bcu.opole.pl\/bcu2\/wp-content\/uploads\/sites\/4\/2025\/06\/BCU_stoisko_1-1024x690.jpg\" alt=\"\" class=\"wp-image-532\" style=\"width:689px;height:auto\" srcset=\"https:\/\/bcu.opole.pl\/bcu2\/wp-content\/uploads\/sites\/4\/2025\/06\/BCU_stoisko_1-980x661.jpg 980w, https:\/\/bcu.opole.pl\/bcu2\/wp-content\/uploads\/sites\/4\/2025\/06\/BCU_stoisko_1-480x324.jpg 480w\" sizes=\"(min-width: 0px) and (max-width: 480px) 480px, (min-width: 481px) and (max-width: 980px) 980px, (min-width: 981px) 1024px, 100vw\" \/><\/figure>\n\n\n\n<p>W dniach 6\u20138 czerwca, podczas trwania Festiwalu Ksi\u0105\u017cki w Opolu, Bran\u017cowe Centrum Umiej\u0119tno\u015bci nr 2 by\u0142o obecne na stoisku wystawienniczym w\u015br\u00f3d licznych wydawc\u00f3w.<\/p>\n\n\n\n<p>Odwiedzaj\u0105cy mogli zapozna\u0107 si\u0119 z ofert\u0105 szkole\u0144 prowadzonych przez BCU, zasadami rekrutacji na szkolenia bran\u017cowe, a tak\u017ce z dzia\u0142alno\u015bci\u0105 pozaszkoleniow\u0105 realizowan\u0105 przez Centrum. Udzia\u0142 w wydarzeniu by\u0142 okazj\u0105 do promocji BCU w\u015br\u00f3d szerokiego grona odbiorc\u00f3w oraz nawi\u0105zania nowych kontakt\u00f3w.<\/p>\n\n\n\n<figure class=\"wp-block-image size-large is-resized\"><img loading=\"lazy\" decoding=\"async\" width=\"1024\" height=\"910\" src=\"https:\/\/bcu.opole.pl\/bcu2\/wp-content\/uploads\/sites\/4\/2025\/06\/BCU_stoisko-1024x910.jpg\" alt=\"\" class=\"wp-image-533\" style=\"width:681px;height:auto\" \/><\/figure>\n","protected":false},"excerpt":{"rendered":"<p>W dniach 6\u20138 czerwca, podczas trwania Festiwalu Ksi\u0105\u017cki w Opolu, Bran\u017cowe Centrum Umiej\u0119tno\u015bci nr 2 by\u0142o obecne na stoisku wystawienniczym w\u015br\u00f3d licznych wydawc\u00f3w. Odwiedzaj\u0105cy mogli zapozna\u0107 si\u0119 z ofert\u0105 szkole\u0144 prowadzonych przez BCU, zasadami rekrutacji na szkolenia bran\u017cowe, a tak\u017ce z dzia\u0142alno\u015bci\u0105 pozaszkoleniow\u0105 realizowan\u0105 przez Centrum. Udzia\u0142 w wydarzeniu by\u0142 okazj\u0105 do promocji BCU w\u015br\u00f3d [&hellip;]<\/p>\n","protected":false},"author":10,"featured_media":532,"comment_status":"open","ping_status":"open","sticky":false,"template":"","format":"standard","meta":{"_et_pb_use_builder":"off","_et_pb_old_content":"","_et_gb_content_width":"","footnotes":""},"categories":[1],"tags":[],"class_list":["post-531","post","type-post","status-publish","format-standard","has-post-thumbnail","hentry","category-bez-kategorii"],"aioseo_notices":[],"_links":{"self":[{"href":"https:\/\/bcu.opole.pl\/bcu2\/wp-json\/wp\/v2\/posts\/531","targetHints":{"allow":["GET"]}}],"collection":[{"href":"https:\/\/bcu.opole.pl\/bcu2\/wp-json\/wp\/v2\/posts"}],"about":[{"href":"https:\/\/bcu.opole.pl\/bcu2\/wp-json\/wp\/v2\/types\/post"}],"author":[{"embeddable":true,"href":"https:\/\/bcu.opole.pl\/bcu2\/wp-json\/wp\/v2\/users\/10"}],"replies":[{"embeddable":true,"href":"https:\/\/bcu.opole.pl\/bcu2\/wp-json\/wp\/v2\/comments?post=531"}],"version-history":[{"count":4,"href":"https:\/\/bcu.opole.pl\/bcu2\/wp-json\/wp\/v2\/posts\/531\/revisions"}],"predecessor-version":[{"id":543,"href":"https:\/\/bcu.opole.pl\/bcu2\/wp-json\/wp\/v2\/posts\/531\/revisions\/543"}],"wp:featuredmedia":[{"embeddable":true,"href":"https:\/\/bcu.opole.pl\/bcu2\/wp-json\/wp\/v2\/media\/532"}],"wp:attachment":[{"href":"https:\/\/bcu.opole.pl\/bcu2\/wp-json\/wp\/v2\/media?parent=531"}],"wp:term":[{"taxonomy":"category","embeddable":true,"href":"https:\/\/bcu.opole.pl\/bcu2\/wp-json\/wp\/v2\/categories?post=531"},{"taxonomy":"post_tag","embeddable":true,"href":"https:\/\/bcu.opole.pl\/bcu2\/wp-json\/wp\/v2\/tags?post=531"}],"curies":[{"name":"wp","href":"https:\/\/api.w.org\/{rel}","templated":true}]}}