{"id":484,"date":"2025-06-12T11:24:09","date_gmt":"2025-06-12T09:24:09","guid":{"rendered":"https:\/\/bcu.opole.pl\/bcu2\/?p=484"},"modified":"2025-06-12T11:40:59","modified_gmt":"2025-06-12T09:40:59","slug":"konferencja-inaugurujaca-otwarcie-projektu","status":"publish","type":"post","link":"https:\/\/bcu.opole.pl\/bcu2\/2025\/06\/12\/konferencja-inaugurujaca-otwarcie-projektu\/","title":{"rendered":"Konferencja inauguruj\u0105ca otwarcie projektu"},"content":{"rendered":"\n<figure class=\"wp-block-image size-full\"><img loading=\"lazy\" decoding=\"async\" width=\"1000\" height=\"667\" src=\"https:\/\/bcu.opole.pl\/bcu2\/wp-content\/uploads\/sites\/4\/2025\/06\/1.jpg\" alt=\"\" class=\"wp-image-485\" srcset=\"https:\/\/bcu.opole.pl\/bcu2\/wp-content\/uploads\/sites\/4\/2025\/06\/1.jpg 1000w, https:\/\/bcu.opole.pl\/bcu2\/wp-content\/uploads\/sites\/4\/2025\/06\/1-980x654.jpg 980w, https:\/\/bcu.opole.pl\/bcu2\/wp-content\/uploads\/sites\/4\/2025\/06\/1-480x320.jpg 480w\" sizes=\"(min-width: 0px) and (max-width: 480px) 480px, (min-width: 481px) and (max-width: 980px) 980px, (min-width: 981px) 1000px, 100vw\" \/><\/figure>\n\n\n\n<p>W pi\u0105tek, 6 czerwca 2025 r. w opolskim Ratuszu, zosta\u0142a zainaugurowana dzia\u0142alno\u015b\u0107 Bran\u017cowego Centrum Umiej\u0119tno\u015bci dla bran\u017cy poligraficznej, introligatorskiej i opakowaniowej.<\/p>\n\n\n\n<p>To jedyny tego typu o\u015brodek kszta\u0142cenia w Polsce, kt\u00f3ry powstaje przy Zespole Szk\u00f3\u0142 Zawodowych im. Stanis\u0142awa Staszica. Plac\u00f3wka b\u0119dzie kszta\u0142ci\u0107 w zawodach drukarza offsetowego i operatora proces\u00f3w introligatorskich, k\u0142ad\u0105c silny nacisk na praktyczny wymiar uczenia si\u0119 i wsp\u00f3\u0142prac\u0119 z biznesem.<\/p>\n\n\n\n<p>W trakcie konferencji zaprezentowano cele i za\u0142o\u017cenia projektu, przedstawiono partner\u00f3w oraz om\u00f3wiono planowane dzia\u0142ania edukacyjne i szkoleniowe. Dzi\u0119kujemy prelegentom oraz wszystkim osobom zaanga\u017cowanym w projekt &#8211; Miastu&nbsp;Opole, Polskiej Izbie Druku, Opolgrafowi.<\/p>\n\n\n\n<p>Ruszy\u0142a rekrutacja na szkolenia realizowane w ramach Bran\u017cowego Centrum Umiej\u0119tno\u015bci. Szkolenia b\u0119d\u0105 dotyczy\u0107 m.in. obs\u0142ugi nowoczesnych maszyn drukarskich i introligatorskich oraz przygotowania plik\u00f3w do druku. <\/p>\n\n\n\n<p><em>Projekt jest wsp\u00f3\u0142finansowany ze \u015brodk\u00f3w Krajowego Planu Odbudowy i Zwi\u0119kszania Odporno\u015bci.<\/em><\/p>\n\n\n\n<p>Fot. Grzegorz Janecki<\/p>\n\n\n\n<figure class=\"wp-block-embed is-type-video is-provider-youtube wp-block-embed-youtube wp-embed-aspect-16-9 wp-has-aspect-ratio\"><div class=\"wp-block-embed__wrapper\">\n<iframe loading=\"lazy\" title=\"W Opolu rusza Bran\u017cowe Centrum Umiej\u0119tno\u015bci\" width=\"1080\" height=\"608\" src=\"https:\/\/www.youtube.com\/embed\/_CONp6bofkA?feature=oembed\"  allow=\"accelerometer; autoplay; clipboard-write; encrypted-media; gyroscope; picture-in-picture; web-share\" referrerpolicy=\"strict-origin-when-cross-origin\" allowfullscreen><\/iframe>\n<\/div><\/figure>\n\n\n\n<figure class=\"wp-block-gallery has-nested-images columns-default is-cropped wp-block-gallery-1 is-layout-flex wp-block-gallery-is-layout-flex\">\n<figure class=\"wp-block-image size-large\"><img loading=\"lazy\" decoding=\"async\" width=\"1000\" height=\"667\" data-id=\"486\" src=\"https:\/\/bcu.opole.pl\/bcu2\/wp-content\/uploads\/sites\/4\/2025\/06\/2.jpg\" alt=\"\" class=\"wp-image-486\" srcset=\"https:\/\/bcu.opole.pl\/bcu2\/wp-content\/uploads\/sites\/4\/2025\/06\/2.jpg 1000w, https:\/\/bcu.opole.pl\/bcu2\/wp-content\/uploads\/sites\/4\/2025\/06\/2-980x654.jpg 980w, https:\/\/bcu.opole.pl\/bcu2\/wp-content\/uploads\/sites\/4\/2025\/06\/2-480x320.jpg 480w\" sizes=\"(min-width: 0px) and (max-width: 480px) 480px, (min-width: 481px) and (max-width: 980px) 980px, (min-width: 981px) 1000px, 100vw\" \/><\/figure>\n\n\n\n<figure class=\"wp-block-image size-full\"><img loading=\"lazy\" decoding=\"async\" width=\"1000\" height=\"667\" data-id=\"492\" src=\"https:\/\/bcu.opole.pl\/bcu2\/wp-content\/uploads\/sites\/4\/2025\/06\/8.jpg\" alt=\"\" class=\"wp-image-492\" srcset=\"https:\/\/bcu.opole.pl\/bcu2\/wp-content\/uploads\/sites\/4\/2025\/06\/8.jpg 1000w, https:\/\/bcu.opole.pl\/bcu2\/wp-content\/uploads\/sites\/4\/2025\/06\/8-980x654.jpg 980w, https:\/\/bcu.opole.pl\/bcu2\/wp-content\/uploads\/sites\/4\/2025\/06\/8-480x320.jpg 480w\" sizes=\"(min-width: 0px) and (max-width: 480px) 480px, (min-width: 481px) and (max-width: 980px) 980px, (min-width: 981px) 1000px, 100vw\" \/><\/figure>\n\n\n\n<figure class=\"wp-block-image size-large\"><img loading=\"lazy\" decoding=\"async\" width=\"1000\" height=\"667\" data-id=\"487\" src=\"https:\/\/bcu.opole.pl\/bcu2\/wp-content\/uploads\/sites\/4\/2025\/06\/3.jpg\" alt=\"\" class=\"wp-image-487\" srcset=\"https:\/\/bcu.opole.pl\/bcu2\/wp-content\/uploads\/sites\/4\/2025\/06\/3.jpg 1000w, https:\/\/bcu.opole.pl\/bcu2\/wp-content\/uploads\/sites\/4\/2025\/06\/3-980x654.jpg 980w, https:\/\/bcu.opole.pl\/bcu2\/wp-content\/uploads\/sites\/4\/2025\/06\/3-480x320.jpg 480w\" sizes=\"(min-width: 0px) and (max-width: 480px) 480px, (min-width: 481px) and (max-width: 980px) 980px, (min-width: 981px) 1000px, 100vw\" \/><\/figure>\n\n\n\n<figure class=\"wp-block-image size-large\"><img loading=\"lazy\" decoding=\"async\" width=\"1000\" height=\"667\" data-id=\"488\" src=\"https:\/\/bcu.opole.pl\/bcu2\/wp-content\/uploads\/sites\/4\/2025\/06\/4.jpg\" alt=\"\" class=\"wp-image-488\" srcset=\"https:\/\/bcu.opole.pl\/bcu2\/wp-content\/uploads\/sites\/4\/2025\/06\/4.jpg 1000w, https:\/\/bcu.opole.pl\/bcu2\/wp-content\/uploads\/sites\/4\/2025\/06\/4-980x654.jpg 980w, https:\/\/bcu.opole.pl\/bcu2\/wp-content\/uploads\/sites\/4\/2025\/06\/4-480x320.jpg 480w\" sizes=\"(min-width: 0px) and (max-width: 480px) 480px, (min-width: 481px) and (max-width: 980px) 980px, (min-width: 981px) 1000px, 100vw\" \/><\/figure>\n\n\n\n<figure class=\"wp-block-image size-large\"><img loading=\"lazy\" decoding=\"async\" width=\"1000\" height=\"667\" data-id=\"489\" src=\"https:\/\/bcu.opole.pl\/bcu2\/wp-content\/uploads\/sites\/4\/2025\/06\/5.jpg\" alt=\"\" class=\"wp-image-489\" srcset=\"https:\/\/bcu.opole.pl\/bcu2\/wp-content\/uploads\/sites\/4\/2025\/06\/5.jpg 1000w, https:\/\/bcu.opole.pl\/bcu2\/wp-content\/uploads\/sites\/4\/2025\/06\/5-980x654.jpg 980w, https:\/\/bcu.opole.pl\/bcu2\/wp-content\/uploads\/sites\/4\/2025\/06\/5-480x320.jpg 480w\" sizes=\"(min-width: 0px) and (max-width: 480px) 480px, (min-width: 481px) and (max-width: 980px) 980px, (min-width: 981px) 1000px, 100vw\" \/><\/figure>\n\n\n\n<figure class=\"wp-block-image size-large\"><img loading=\"lazy\" decoding=\"async\" width=\"1000\" height=\"667\" data-id=\"490\" src=\"https:\/\/bcu.opole.pl\/bcu2\/wp-content\/uploads\/sites\/4\/2025\/06\/6.jpg\" alt=\"\" class=\"wp-image-490\" srcset=\"https:\/\/bcu.opole.pl\/bcu2\/wp-content\/uploads\/sites\/4\/2025\/06\/6.jpg 1000w, https:\/\/bcu.opole.pl\/bcu2\/wp-content\/uploads\/sites\/4\/2025\/06\/6-980x654.jpg 980w, https:\/\/bcu.opole.pl\/bcu2\/wp-content\/uploads\/sites\/4\/2025\/06\/6-480x320.jpg 480w\" sizes=\"(min-width: 0px) and (max-width: 480px) 480px, (min-width: 481px) and (max-width: 980px) 980px, (min-width: 981px) 1000px, 100vw\" \/><\/figure>\n\n\n\n<figure class=\"wp-block-image size-large\"><img loading=\"lazy\" decoding=\"async\" width=\"1024\" height=\"76\" data-id=\"178\" src=\"https:\/\/bcu.opole.pl\/bcu2\/wp-content\/uploads\/sites\/4\/2025\/05\/bcu2-logo-1024x76.jpg\" alt=\"\" class=\"wp-image-178\" srcset=\"https:\/\/bcu.opole.pl\/bcu2\/wp-content\/uploads\/sites\/4\/2025\/05\/bcu2-logo-980x73.jpg 980w, https:\/\/bcu.opole.pl\/bcu2\/wp-content\/uploads\/sites\/4\/2025\/05\/bcu2-logo-480x36.jpg 480w\" sizes=\"(min-width: 0px) and (max-width: 480px) 480px, (min-width: 481px) and (max-width: 980px) 980px, (min-width: 981px) 1024px, 100vw\" \/><\/figure>\n<\/figure>\n","protected":false},"excerpt":{"rendered":"<p>W pi\u0105tek, 6 czerwca 2025 r. w opolskim Ratuszu, zosta\u0142a zainaugurowana dzia\u0142alno\u015b\u0107 Bran\u017cowego Centrum Umiej\u0119tno\u015bci dla bran\u017cy poligraficznej, introligatorskiej i opakowaniowej. To jedyny tego typu o\u015brodek kszta\u0142cenia w Polsce, kt\u00f3ry powstaje przy Zespole Szk\u00f3\u0142 Zawodowych im. Stanis\u0142awa Staszica. Plac\u00f3wka b\u0119dzie kszta\u0142ci\u0107 w zawodach drukarza offsetowego i operatora proces\u00f3w introligatorskich, k\u0142ad\u0105c silny nacisk na praktyczny wymiar [&hellip;]<\/p>\n","protected":false},"author":4,"featured_media":485,"comment_status":"open","ping_status":"open","sticky":false,"template":"","format":"standard","meta":{"_et_pb_use_builder":"off","_et_pb_old_content":"","_et_gb_content_width":"","footnotes":""},"categories":[1],"tags":[6,7,8],"class_list":["post-484","post","type-post","status-publish","format-standard","has-post-thumbnail","hentry","category-bez-kategorii","tag-inauguracja","tag-opole","tag-poligrafia"],"aioseo_notices":[],"_links":{"self":[{"href":"https:\/\/bcu.opole.pl\/bcu2\/wp-json\/wp\/v2\/posts\/484","targetHints":{"allow":["GET"]}}],"collection":[{"href":"https:\/\/bcu.opole.pl\/bcu2\/wp-json\/wp\/v2\/posts"}],"about":[{"href":"https:\/\/bcu.opole.pl\/bcu2\/wp-json\/wp\/v2\/types\/post"}],"author":[{"embeddable":true,"href":"https:\/\/bcu.opole.pl\/bcu2\/wp-json\/wp\/v2\/users\/4"}],"replies":[{"embeddable":true,"href":"https:\/\/bcu.opole.pl\/bcu2\/wp-json\/wp\/v2\/comments?post=484"}],"version-history":[{"count":4,"href":"https:\/\/bcu.opole.pl\/bcu2\/wp-json\/wp\/v2\/posts\/484\/revisions"}],"predecessor-version":[{"id":524,"href":"https:\/\/bcu.opole.pl\/bcu2\/wp-json\/wp\/v2\/posts\/484\/revisions\/524"}],"wp:featuredmedia":[{"embeddable":true,"href":"https:\/\/bcu.opole.pl\/bcu2\/wp-json\/wp\/v2\/media\/485"}],"wp:attachment":[{"href":"https:\/\/bcu.opole.pl\/bcu2\/wp-json\/wp\/v2\/media?parent=484"}],"wp:term":[{"taxonomy":"category","embeddable":true,"href":"https:\/\/bcu.opole.pl\/bcu2\/wp-json\/wp\/v2\/categories?post=484"},{"taxonomy":"post_tag","embeddable":true,"href":"https:\/\/bcu.opole.pl\/bcu2\/wp-json\/wp\/v2\/tags?post=484"}],"curies":[{"name":"wp","href":"https:\/\/api.w.org\/{rel}","templated":true}]}}