{"id":480,"date":"2025-06-12T16:54:38","date_gmt":"2025-06-12T14:54:38","guid":{"rendered":"https:\/\/bcu.opole.pl\/bcu2\/?p=480"},"modified":"2026-02-03T14:24:16","modified_gmt":"2026-02-03T13:24:16","slug":"sale-po-remoncie-czekaja-na-sprzet","status":"publish","type":"post","link":"https:\/\/bcu.opole.pl\/bcu2\/2025\/06\/12\/sale-po-remoncie-czekaja-na-sprzet\/","title":{"rendered":"Sale po remoncie czekaj\u0105 na sprz\u0119t"},"content":{"rendered":"\n<figure class=\"wp-block-image size-full is-resized\"><img loading=\"lazy\" decoding=\"async\" width=\"886\" height=\"591\" src=\"https:\/\/bcu.opole.pl\/bcu2\/wp-content\/uploads\/sites\/4\/2025\/06\/remont_4.jpg\" alt=\"\" class=\"wp-image-481\" style=\"width:668px;height:auto\" srcset=\"https:\/\/bcu.opole.pl\/bcu2\/wp-content\/uploads\/sites\/4\/2025\/06\/remont_4.jpg 886w, https:\/\/bcu.opole.pl\/bcu2\/wp-content\/uploads\/sites\/4\/2025\/06\/remont_4-480x320.jpg 480w\" sizes=\"(min-width: 0px) and (max-width: 480px) 480px, (min-width: 481px) 886px, 100vw\" \/><\/figure>\n\n\n\n<p>Zako\u0144czono remont sal Bran\u017cowego Centrum Umiej\u0119tno\u015bci. Pomieszczenia zosta\u0142y odnowione i przygotowane do pe\u0142nienia swojej funkcji zgodnie z nowoczesnymi standardami edukacyjnymi.<\/p>\n\n\n\n<p>Obecnie trwaj\u0105 prace teletechniczne oraz wdro\u017cenie infrastruktury IT \u2013 realizowana jest instalacja serwera oraz modernizacja sieci komputerowej. Celem tych dzia\u0142a\u0144 jest zapewnienie niezawodnego funkcjonowania system\u00f3w oraz stworzenie nowoczesnego zaplecza technologicznego dla uczni\u00f3w i kadry.<\/p>\n\n\n\n<p><\/p>\n\n\n\n<figure class=\"wp-block-image size-full is-resized\"><img loading=\"lazy\" decoding=\"async\" width=\"886\" height=\"591\" src=\"https:\/\/bcu.opole.pl\/bcu2\/wp-content\/uploads\/sites\/4\/2025\/06\/remont_4-1.jpg\" alt=\"\" class=\"wp-image-522\" style=\"width:430px;height:auto\" srcset=\"https:\/\/bcu.opole.pl\/bcu2\/wp-content\/uploads\/sites\/4\/2025\/06\/remont_4-1.jpg 886w, https:\/\/bcu.opole.pl\/bcu2\/wp-content\/uploads\/sites\/4\/2025\/06\/remont_4-1-480x320.jpg 480w\" sizes=\"(min-width: 0px) and (max-width: 480px) 480px, (min-width: 481px) 886px, 100vw\" \/><\/figure>\n\n\n\n<figure class=\"wp-block-image size-full is-resized\"><img loading=\"lazy\" decoding=\"async\" width=\"886\" height=\"591\" src=\"https:\/\/bcu.opole.pl\/bcu2\/wp-content\/uploads\/sites\/4\/2025\/06\/remont_2-1.jpg\" alt=\"\" class=\"wp-image-529\" style=\"width:432px;height:auto\" srcset=\"https:\/\/bcu.opole.pl\/bcu2\/wp-content\/uploads\/sites\/4\/2025\/06\/remont_2-1.jpg 886w, https:\/\/bcu.opole.pl\/bcu2\/wp-content\/uploads\/sites\/4\/2025\/06\/remont_2-1-480x320.jpg 480w\" sizes=\"(min-width: 0px) and (max-width: 480px) 480px, (min-width: 481px) 886px, 100vw\" \/><\/figure>\n\n\n\n<figure class=\"wp-block-image size-full is-resized\"><img loading=\"lazy\" decoding=\"async\" width=\"886\" height=\"591\" src=\"https:\/\/bcu.opole.pl\/bcu2\/wp-content\/uploads\/sites\/4\/2025\/06\/remont_3.jpg\" alt=\"\" class=\"wp-image-521\" style=\"width:432px;height:auto\" srcset=\"https:\/\/bcu.opole.pl\/bcu2\/wp-content\/uploads\/sites\/4\/2025\/06\/remont_3.jpg 886w, https:\/\/bcu.opole.pl\/bcu2\/wp-content\/uploads\/sites\/4\/2025\/06\/remont_3-480x320.jpg 480w\" sizes=\"(min-width: 0px) and (max-width: 480px) 480px, (min-width: 481px) 886px, 100vw\" \/><\/figure>\n","protected":false},"excerpt":{"rendered":"<p>Zako\u0144czono remont sal Bran\u017cowego Centrum Umiej\u0119tno\u015bci. Pomieszczenia zosta\u0142y odnowione i przygotowane do pe\u0142nienia swojej funkcji zgodnie z nowoczesnymi standardami edukacyjnymi. Obecnie trwaj\u0105 prace teletechniczne oraz wdro\u017cenie infrastruktury IT \u2013 realizowana jest instalacja serwera oraz modernizacja sieci komputerowej. Celem tych dzia\u0142a\u0144 jest zapewnienie niezawodnego funkcjonowania system\u00f3w oraz stworzenie nowoczesnego zaplecza technologicznego dla uczni\u00f3w i kadry.<\/p>\n","protected":false},"author":10,"featured_media":526,"comment_status":"open","ping_status":"open","sticky":false,"template":"","format":"standard","meta":{"_et_pb_use_builder":"off","_et_pb_old_content":"<!-- wp:image {\"id\":481,\"width\":\"429px\",\"height\":\"auto\",\"sizeSlug\":\"full\",\"linkDestination\":\"none\"} -->\n<figure class=\"wp-block-image size-full is-resized\"><img src=\"https:\/\/bcu.opole.pl\/bcu2\/wp-content\/uploads\/sites\/4\/2025\/06\/remont_4.jpg\" alt=\"\" class=\"wp-image-481\" style=\"width:429px;height:auto\" \/><\/figure>\n<!-- \/wp:image -->","_et_gb_content_width":"","footnotes":""},"categories":[1],"tags":[],"class_list":["post-480","post","type-post","status-publish","format-standard","has-post-thumbnail","hentry","category-bez-kategorii"],"aioseo_notices":[],"_links":{"self":[{"href":"https:\/\/bcu.opole.pl\/bcu2\/wp-json\/wp\/v2\/posts\/480","targetHints":{"allow":["GET"]}}],"collection":[{"href":"https:\/\/bcu.opole.pl\/bcu2\/wp-json\/wp\/v2\/posts"}],"about":[{"href":"https:\/\/bcu.opole.pl\/bcu2\/wp-json\/wp\/v2\/types\/post"}],"author":[{"embeddable":true,"href":"https:\/\/bcu.opole.pl\/bcu2\/wp-json\/wp\/v2\/users\/10"}],"replies":[{"embeddable":true,"href":"https:\/\/bcu.opole.pl\/bcu2\/wp-json\/wp\/v2\/comments?post=480"}],"version-history":[{"count":5,"href":"https:\/\/bcu.opole.pl\/bcu2\/wp-json\/wp\/v2\/posts\/480\/revisions"}],"predecessor-version":[{"id":537,"href":"https:\/\/bcu.opole.pl\/bcu2\/wp-json\/wp\/v2\/posts\/480\/revisions\/537"}],"wp:featuredmedia":[{"embeddable":true,"href":"https:\/\/bcu.opole.pl\/bcu2\/wp-json\/wp\/v2\/media\/526"}],"wp:attachment":[{"href":"https:\/\/bcu.opole.pl\/bcu2\/wp-json\/wp\/v2\/media?parent=480"}],"wp:term":[{"taxonomy":"category","embeddable":true,"href":"https:\/\/bcu.opole.pl\/bcu2\/wp-json\/wp\/v2\/categories?post=480"},{"taxonomy":"post_tag","embeddable":true,"href":"https:\/\/bcu.opole.pl\/bcu2\/wp-json\/wp\/v2\/tags?post=480"}],"curies":[{"name":"wp","href":"https:\/\/api.w.org\/{rel}","templated":true}]}}