{"id":255,"date":"2025-05-30T12:41:20","date_gmt":"2025-05-30T10:41:20","guid":{"rendered":"https:\/\/bcu.opole.pl\/bcu2\/?p=255"},"modified":"2025-05-30T13:39:16","modified_gmt":"2025-05-30T11:39:16","slug":"akt-zalozycielski-bcu-wlaczone-w-sklad-zespolu-szkol-zawodowych-im-stanislawa-staszica-w-opolu","status":"publish","type":"post","link":"https:\/\/bcu.opole.pl\/bcu2\/2025\/05\/30\/akt-zalozycielski-bcu-wlaczone-w-sklad-zespolu-szkol-zawodowych-im-stanislawa-staszica-w-opolu\/","title":{"rendered":"Akt za\u0142o\u017cycielski \u2013 BCU w\u0142\u0105czone w sk\u0142ad Zespo\u0142u Szk\u00f3\u0142 Zawodowych im. Stanis\u0142awa Staszica w Opolu"},"content":{"rendered":"\n<figure class=\"wp-block-image size-full is-resized\"><img loading=\"lazy\" decoding=\"async\" width=\"766\" height=\"450\" src=\"https:\/\/bcu.opole.pl\/bcu2\/wp-content\/uploads\/sites\/4\/2025\/05\/bcu_akt-1.png\" alt=\"\" class=\"wp-image-256\" style=\"width:586px;height:auto\" srcset=\"https:\/\/bcu.opole.pl\/bcu2\/wp-content\/uploads\/sites\/4\/2025\/05\/bcu_akt-1.png 766w, https:\/\/bcu.opole.pl\/bcu2\/wp-content\/uploads\/sites\/4\/2025\/05\/bcu_akt-1-480x282.png 480w\" sizes=\"(min-width: 0px) and (max-width: 480px) 480px, (min-width: 481px) 766px, 100vw\" \/><\/figure>\n\n\n\n<h2 class=\"wp-block-heading\">Akt za\u0142o\u017cycielski \u2013 BCU w\u0142\u0105czone w sk\u0142ad Zespo\u0142u Szk\u00f3\u0142 Zawodowych im. Stanis\u0142awa Staszica w Opolu<\/h2>\n\n\n\n<p>Z dniem 31 pa\u017adziernika 2024 r. wesz\u0142a w \u017cycie Uchwa\u0142a Rady Miasta Opola w sprawie za\u0142o\u017cenia Bran\u017cowego Centrum Umiej\u0119tno\u015bci nr 2 w Opolu i w\u0142\u0105czenia go do Zespo\u0142u Szk\u00f3\u0142 Zawodowych im. Stanis\u0142awa Staszica w Opolu.<\/p>\n\n\n\n<figure class=\"wp-block-image size-full\"><img loading=\"lazy\" decoding=\"async\" width=\"908\" height=\"589\" src=\"https:\/\/bcu.opole.pl\/bcu2\/wp-content\/uploads\/sites\/4\/2025\/05\/akt_1-1.png\" alt=\"\" class=\"wp-image-257\" srcset=\"https:\/\/bcu.opole.pl\/bcu2\/wp-content\/uploads\/sites\/4\/2025\/05\/akt_1-1.png 908w, https:\/\/bcu.opole.pl\/bcu2\/wp-content\/uploads\/sites\/4\/2025\/05\/akt_1-1-480x311.png 480w\" sizes=\"(min-width: 0px) and (max-width: 480px) 480px, (min-width: 481px) 908px, 100vw\" \/><\/figure>\n\n\n\n<figure class=\"wp-block-image size-full\"><img loading=\"lazy\" decoding=\"async\" width=\"929\" height=\"728\" src=\"https:\/\/bcu.opole.pl\/bcu2\/wp-content\/uploads\/sites\/4\/2025\/05\/akt_2.png\" alt=\"\" class=\"wp-image-258\" srcset=\"https:\/\/bcu.opole.pl\/bcu2\/wp-content\/uploads\/sites\/4\/2025\/05\/akt_2.png 929w, https:\/\/bcu.opole.pl\/bcu2\/wp-content\/uploads\/sites\/4\/2025\/05\/akt_2-480x376.png 480w\" sizes=\"(min-width: 0px) and (max-width: 480px) 480px, (min-width: 481px) 929px, 100vw\" \/><\/figure>\n","protected":false},"excerpt":{"rendered":"<p>Akt za\u0142o\u017cycielski \u2013 BCU w\u0142\u0105czone w sk\u0142ad Zespo\u0142u Szk\u00f3\u0142 Zawodowych im. Stanis\u0142awa Staszica w Opolu Z dniem 31 pa\u017adziernika 2024 r. wesz\u0142a w \u017cycie Uchwa\u0142a Rady Miasta Opola w sprawie za\u0142o\u017cenia Bran\u017cowego Centrum Umiej\u0119tno\u015bci nr 2 w Opolu i w\u0142\u0105czenia go do Zespo\u0142u Szk\u00f3\u0142 Zawodowych im. Stanis\u0142awa Staszica w Opolu.<\/p>\n","protected":false},"author":11,"featured_media":256,"comment_status":"open","ping_status":"open","sticky":false,"template":"","format":"standard","meta":{"_et_pb_use_builder":"off","_et_pb_old_content":"","_et_gb_content_width":"","footnotes":""},"categories":[1],"tags":[],"class_list":["post-255","post","type-post","status-publish","format-standard","has-post-thumbnail","hentry","category-bez-kategorii"],"aioseo_notices":[],"_links":{"self":[{"href":"https:\/\/bcu.opole.pl\/bcu2\/wp-json\/wp\/v2\/posts\/255","targetHints":{"allow":["GET"]}}],"collection":[{"href":"https:\/\/bcu.opole.pl\/bcu2\/wp-json\/wp\/v2\/posts"}],"about":[{"href":"https:\/\/bcu.opole.pl\/bcu2\/wp-json\/wp\/v2\/types\/post"}],"author":[{"embeddable":true,"href":"https:\/\/bcu.opole.pl\/bcu2\/wp-json\/wp\/v2\/users\/11"}],"replies":[{"embeddable":true,"href":"https:\/\/bcu.opole.pl\/bcu2\/wp-json\/wp\/v2\/comments?post=255"}],"version-history":[{"count":2,"href":"https:\/\/bcu.opole.pl\/bcu2\/wp-json\/wp\/v2\/posts\/255\/revisions"}],"predecessor-version":[{"id":270,"href":"https:\/\/bcu.opole.pl\/bcu2\/wp-json\/wp\/v2\/posts\/255\/revisions\/270"}],"wp:featuredmedia":[{"embeddable":true,"href":"https:\/\/bcu.opole.pl\/bcu2\/wp-json\/wp\/v2\/media\/256"}],"wp:attachment":[{"href":"https:\/\/bcu.opole.pl\/bcu2\/wp-json\/wp\/v2\/media?parent=255"}],"wp:term":[{"taxonomy":"category","embeddable":true,"href":"https:\/\/bcu.opole.pl\/bcu2\/wp-json\/wp\/v2\/categories?post=255"},{"taxonomy":"post_tag","embeddable":true,"href":"https:\/\/bcu.opole.pl\/bcu2\/wp-json\/wp\/v2\/tags?post=255"}],"curies":[{"name":"wp","href":"https:\/\/api.w.org\/{rel}","templated":true}]}}