{"id":1280,"date":"2026-04-23T15:46:32","date_gmt":"2026-04-23T13:46:32","guid":{"rendered":"https:\/\/bcu.opole.pl\/bcu2\/?p=1280"},"modified":"2026-04-23T15:46:33","modified_gmt":"2026-04-23T13:46:33","slug":"spotkanie-z-miroslawem-pawlinskim-juz-za-nami","status":"publish","type":"post","link":"https:\/\/bcu.opole.pl\/bcu2\/2026\/04\/23\/spotkanie-z-miroslawem-pawlinskim-juz-za-nami\/","title":{"rendered":"Spotkanie z Miros\u0142awem Pawli\u0144skim ju\u017c za nami!"},"content":{"rendered":"\n<figure class=\"wp-block-image size-large\"><img loading=\"lazy\" decoding=\"async\" width=\"1024\" height=\"683\" src=\"https:\/\/bcu.opole.pl\/bcu2\/wp-content\/uploads\/sites\/4\/2026\/04\/BCU-Konkurs-Opole-0056-1024x683.jpg\" alt=\"\" class=\"wp-image-1281\" srcset=\"https:\/\/bcu.opole.pl\/bcu2\/wp-content\/uploads\/sites\/4\/2026\/04\/BCU-Konkurs-Opole-0056-980x653.jpg 980w, https:\/\/bcu.opole.pl\/bcu2\/wp-content\/uploads\/sites\/4\/2026\/04\/BCU-Konkurs-Opole-0056-480x320.jpg 480w\" sizes=\"(min-width: 0px) and (max-width: 480px) 480px, (min-width: 481px) and (max-width: 980px) 980px, (min-width: 981px) 1024px, 100vw\" \/><\/figure>\n\n\n\n<p><strong>17 kwietnia 2026 r. o godz. 14:00<\/strong> w <strong>Zespole Szk\u00f3\u0142 Zawodowych im. Stanis\u0142awa Staszica<\/strong> odby\u0142o si\u0119 wyj\u0105tkowe spotkanie z <strong>Miros\u0142awem Pawli\u0144skim<\/strong> \u2013 redaktorem naczelnym magazynu <strong>\u201e\u015awiat Poligrafii Professional\u201d<\/strong> (26 lat do\u015bwiadczenia w tworzeniu tre\u015bci bran\u017cowych), tw\u00f3rc\u0105 podcast\u00f3w <strong>\u201eNiezb\u0119dnik Poligrafa\u201d<\/strong> i <strong>\u201e\u015aniadanie flexografa\u201d<\/strong>, oraz mened\u017cerem drukarni zarz\u0105dzaj\u0105cym parkiem maszynowym, kosztami produkcji i relacjami z klientami. <br><br>Podczas <strong>30-minutowej prelekcji<\/strong> <strong>Miros\u0142aw Pawli\u0144ski<\/strong> podzieli\u0142 si\u0119 praktyczn\u0105 wiedz\u0105 na temat:<\/p>\n\n\n\n<ul class=\"wp-block-list\">\n<li><strong>Przewagi fizycznego no\u015bnika (opakowa\u0144)<\/strong> nad komunikacj\u0105 cyfrow\u0105 w budowaniu <strong>autorytetu marki<\/strong> i <strong>zaufania konsumenta<\/strong> .<\/li>\n\n\n\n<li>Sposob\u00f3w, w jakie drukowany <strong>katalog lub czasopismo<\/strong> sygnalizuj\u0105 <strong>stabilno\u015b\u0107 finansow\u0105 i operacyjn\u0105<\/strong> firmy .<\/li>\n\n\n\n<li><strong>Integracji druku z technologiami cyfrowymi<\/strong>: kody <strong>QR, AR, NFC<\/strong> \u2013 papier jako most do \u015bwiata online .<\/li>\n\n\n\n<li><strong>Nowoczesnych narz\u0119dzi marketingowych<\/strong> wzmacniaj\u0105cych tradycyjny druk w relacjach z klientami .<\/li>\n<\/ul>\n\n\n\n<p>Po wyst\u0105pieniu mia\u0142a miejsce otwarta <strong>sesja Q&amp;A<\/strong>, podczas kt\u00f3rej uczestnicy mogli zada\u0107 pytania i wymieni\u0107 do\u015bwiadczenia .<\/p>\n\n\n\n<p><\/p>\n\n\n\n<figure class=\"wp-block-gallery has-nested-images columns-default is-cropped wp-block-gallery-1 is-layout-flex wp-block-gallery-is-layout-flex\">\n<figure class=\"wp-block-image size-large\"><img loading=\"lazy\" decoding=\"async\" width=\"1024\" height=\"683\" data-id=\"1288\" src=\"https:\/\/bcu.opole.pl\/bcu2\/wp-content\/uploads\/sites\/4\/2026\/04\/BCU-Konkurs-Opole-0032-1024x683.jpg\" alt=\"\" class=\"wp-image-1288\" srcset=\"https:\/\/bcu.opole.pl\/bcu2\/wp-content\/uploads\/sites\/4\/2026\/04\/BCU-Konkurs-Opole-0032-980x653.jpg 980w, https:\/\/bcu.opole.pl\/bcu2\/wp-content\/uploads\/sites\/4\/2026\/04\/BCU-Konkurs-Opole-0032-480x320.jpg 480w\" sizes=\"(min-width: 0px) and (max-width: 480px) 480px, (min-width: 481px) and (max-width: 980px) 980px, (min-width: 981px) 1024px, 100vw\" \/><\/figure>\n\n\n\n<figure class=\"wp-block-image size-large\"><img loading=\"lazy\" decoding=\"async\" width=\"1024\" height=\"683\" data-id=\"1290\" src=\"https:\/\/bcu.opole.pl\/bcu2\/wp-content\/uploads\/sites\/4\/2026\/04\/BCU-Konkurs-Opole-0035-1024x683.jpg\" alt=\"\" class=\"wp-image-1290\" srcset=\"https:\/\/bcu.opole.pl\/bcu2\/wp-content\/uploads\/sites\/4\/2026\/04\/BCU-Konkurs-Opole-0035-980x653.jpg 980w, https:\/\/bcu.opole.pl\/bcu2\/wp-content\/uploads\/sites\/4\/2026\/04\/BCU-Konkurs-Opole-0035-480x320.jpg 480w\" sizes=\"(min-width: 0px) and (max-width: 480px) 480px, (min-width: 481px) and (max-width: 980px) 980px, (min-width: 981px) 1024px, 100vw\" \/><\/figure>\n\n\n\n<figure class=\"wp-block-image size-large\"><img loading=\"lazy\" decoding=\"async\" width=\"1024\" height=\"683\" data-id=\"1291\" src=\"https:\/\/bcu.opole.pl\/bcu2\/wp-content\/uploads\/sites\/4\/2026\/04\/BCU-Konkurs-Opole-0058-1024x683.jpg\" alt=\"\" class=\"wp-image-1291\" srcset=\"https:\/\/bcu.opole.pl\/bcu2\/wp-content\/uploads\/sites\/4\/2026\/04\/BCU-Konkurs-Opole-0058-980x653.jpg 980w, https:\/\/bcu.opole.pl\/bcu2\/wp-content\/uploads\/sites\/4\/2026\/04\/BCU-Konkurs-Opole-0058-480x320.jpg 480w\" sizes=\"(min-width: 0px) and (max-width: 480px) 480px, (min-width: 481px) and (max-width: 980px) 980px, (min-width: 981px) 1024px, 100vw\" \/><\/figure>\n\n\n\n<figure class=\"wp-block-image size-large\"><img loading=\"lazy\" decoding=\"async\" width=\"1024\" height=\"683\" data-id=\"1292\" src=\"https:\/\/bcu.opole.pl\/bcu2\/wp-content\/uploads\/sites\/4\/2026\/04\/BCU-Konkurs-Opole-0034-1024x683.jpg\" alt=\"\" class=\"wp-image-1292\" srcset=\"https:\/\/bcu.opole.pl\/bcu2\/wp-content\/uploads\/sites\/4\/2026\/04\/BCU-Konkurs-Opole-0034-980x653.jpg 980w, https:\/\/bcu.opole.pl\/bcu2\/wp-content\/uploads\/sites\/4\/2026\/04\/BCU-Konkurs-Opole-0034-480x320.jpg 480w\" sizes=\"(min-width: 0px) and (max-width: 480px) 480px, (min-width: 481px) and (max-width: 980px) 980px, (min-width: 981px) 1024px, 100vw\" \/><\/figure>\n\n\n\n<figure class=\"wp-block-image size-large\"><img loading=\"lazy\" decoding=\"async\" width=\"1024\" height=\"683\" data-id=\"1294\" src=\"https:\/\/bcu.opole.pl\/bcu2\/wp-content\/uploads\/sites\/4\/2026\/04\/BCU-Konkurs-Opole-0051-1024x683.jpg\" alt=\"\" class=\"wp-image-1294\" srcset=\"https:\/\/bcu.opole.pl\/bcu2\/wp-content\/uploads\/sites\/4\/2026\/04\/BCU-Konkurs-Opole-0051-980x653.jpg 980w, https:\/\/bcu.opole.pl\/bcu2\/wp-content\/uploads\/sites\/4\/2026\/04\/BCU-Konkurs-Opole-0051-480x320.jpg 480w\" sizes=\"(min-width: 0px) and (max-width: 480px) 480px, (min-width: 481px) and (max-width: 980px) 980px, (min-width: 981px) 1024px, 100vw\" \/><\/figure>\n\n\n\n<figure class=\"wp-block-image size-large\"><img loading=\"lazy\" decoding=\"async\" width=\"1024\" height=\"683\" data-id=\"1293\" src=\"https:\/\/bcu.opole.pl\/bcu2\/wp-content\/uploads\/sites\/4\/2026\/04\/BCU-Konkurs-Opole-0041-1-1024x683.jpg\" alt=\"\" class=\"wp-image-1293\" srcset=\"https:\/\/bcu.opole.pl\/bcu2\/wp-content\/uploads\/sites\/4\/2026\/04\/BCU-Konkurs-Opole-0041-1-980x653.jpg 980w, https:\/\/bcu.opole.pl\/bcu2\/wp-content\/uploads\/sites\/4\/2026\/04\/BCU-Konkurs-Opole-0041-1-480x320.jpg 480w\" sizes=\"(min-width: 0px) and (max-width: 480px) 480px, (min-width: 481px) and (max-width: 980px) 980px, (min-width: 981px) 1024px, 100vw\" \/><\/figure>\n\n\n\n<figure class=\"wp-block-image size-large\"><img loading=\"lazy\" decoding=\"async\" width=\"683\" height=\"1024\" data-id=\"1295\" src=\"https:\/\/bcu.opole.pl\/bcu2\/wp-content\/uploads\/sites\/4\/2026\/04\/BCU-Konkurs-Opole-0036-683x1024.jpg\" alt=\"\" class=\"wp-image-1295\"\/><\/figure>\n\n\n\n<figure class=\"wp-block-image size-large\"><img loading=\"lazy\" decoding=\"async\" width=\"683\" height=\"1024\" data-id=\"1296\" src=\"https:\/\/bcu.opole.pl\/bcu2\/wp-content\/uploads\/sites\/4\/2026\/04\/BCU-Konkurs-Opole-0044-683x1024.jpg\" alt=\"\" class=\"wp-image-1296\"\/><\/figure>\n<\/figure>\n","protected":false},"excerpt":{"rendered":"<p>17 kwietnia 2026 r. o godz. 14:00 w Zespole Szk\u00f3\u0142 Zawodowych im. Stanis\u0142awa Staszica odby\u0142o si\u0119 wyj\u0105tkowe spotkanie z Miros\u0142awem Pawli\u0144skim \u2013 redaktorem naczelnym magazynu \u201e\u015awiat Poligrafii Professional\u201d (26 lat do\u015bwiadczenia w tworzeniu tre\u015bci bran\u017cowych), tw\u00f3rc\u0105 podcast\u00f3w \u201eNiezb\u0119dnik Poligrafa\u201d i \u201e\u015aniadanie flexografa\u201d, oraz mened\u017cerem drukarni zarz\u0105dzaj\u0105cym parkiem maszynowym, kosztami produkcji i relacjami z klientami. Podczas [&hellip;]<\/p>\n","protected":false},"author":4,"featured_media":1281,"comment_status":"closed","ping_status":"closed","sticky":false,"template":"","format":"standard","meta":{"_et_pb_use_builder":"off","_et_pb_old_content":"","_et_gb_content_width":"","footnotes":""},"categories":[1],"tags":[],"class_list":["post-1280","post","type-post","status-publish","format-standard","has-post-thumbnail","hentry","category-bez-kategorii"],"aioseo_notices":[],"_links":{"self":[{"href":"https:\/\/bcu.opole.pl\/bcu2\/wp-json\/wp\/v2\/posts\/1280","targetHints":{"allow":["GET"]}}],"collection":[{"href":"https:\/\/bcu.opole.pl\/bcu2\/wp-json\/wp\/v2\/posts"}],"about":[{"href":"https:\/\/bcu.opole.pl\/bcu2\/wp-json\/wp\/v2\/types\/post"}],"author":[{"embeddable":true,"href":"https:\/\/bcu.opole.pl\/bcu2\/wp-json\/wp\/v2\/users\/4"}],"replies":[{"embeddable":true,"href":"https:\/\/bcu.opole.pl\/bcu2\/wp-json\/wp\/v2\/comments?post=1280"}],"version-history":[{"count":1,"href":"https:\/\/bcu.opole.pl\/bcu2\/wp-json\/wp\/v2\/posts\/1280\/revisions"}],"predecessor-version":[{"id":1297,"href":"https:\/\/bcu.opole.pl\/bcu2\/wp-json\/wp\/v2\/posts\/1280\/revisions\/1297"}],"wp:featuredmedia":[{"embeddable":true,"href":"https:\/\/bcu.opole.pl\/bcu2\/wp-json\/wp\/v2\/media\/1281"}],"wp:attachment":[{"href":"https:\/\/bcu.opole.pl\/bcu2\/wp-json\/wp\/v2\/media?parent=1280"}],"wp:term":[{"taxonomy":"category","embeddable":true,"href":"https:\/\/bcu.opole.pl\/bcu2\/wp-json\/wp\/v2\/categories?post=1280"},{"taxonomy":"post_tag","embeddable":true,"href":"https:\/\/bcu.opole.pl\/bcu2\/wp-json\/wp\/v2\/tags?post=1280"}],"curies":[{"name":"wp","href":"https:\/\/api.w.org\/{rel}","templated":true}]}}