{"id":976,"date":"2025-09-24T14:23:16","date_gmt":"2025-09-24T12:23:16","guid":{"rendered":"https:\/\/bcu.opole.pl\/bcu1\/?p=976"},"modified":"2025-09-24T14:27:02","modified_gmt":"2025-09-24T12:27:02","slug":"spotkanie-z-przemyslem-juz-za-nami","status":"publish","type":"post","link":"https:\/\/bcu.opole.pl\/bcu1\/2025\/09\/24\/spotkanie-z-przemyslem-juz-za-nami\/","title":{"rendered":"Spotkanie z przemys\u0142em ju\u017c za nami"},"content":{"rendered":"\n<figure class=\"wp-block-image size-large\"><img loading=\"lazy\" decoding=\"async\" width=\"1024\" height=\"683\" src=\"https:\/\/bcu.opole.pl\/bcu1\/wp-content\/uploads\/sites\/3\/2025\/09\/DSC_0039-1024x683.jpg\" alt=\"\" class=\"wp-image-979\" srcset=\"https:\/\/bcu.opole.pl\/bcu1\/wp-content\/uploads\/sites\/3\/2025\/09\/DSC_0039-980x653.jpg 980w, https:\/\/bcu.opole.pl\/bcu1\/wp-content\/uploads\/sites\/3\/2025\/09\/DSC_0039-480x320.jpg 480w\" sizes=\"(min-width: 0px) and (max-width: 480px) 480px, (min-width: 481px) and (max-width: 980px) 980px, (min-width: 981px) 1024px, 100vw\" \/><\/figure>\n\n\n\n<p><strong>19 wrze\u015bnia odby\u0142o si\u0119 spotkanie po\u015bwi\u0119cone promocji projektu pn. \u201eUtworzenie i funkcjonowanie Bran\u017cowego Centrum Umiej\u0119tno\u015bci w dziedzinie przemys\u0142u motoryzacyjnego w Opolu\u201d. Wydarzenie mia\u0142o na celu przybli\u017cenie uczestnikom zakresu dzia\u0142alno\u015bci planowanego centrum oraz ukazanie jego znaczenia dla rozwoju nowoczesnych kompetencji w sektorze automotive.<\/strong><\/p>\n\n\n\n<p>Jednym z kluczowych punkt\u00f3w programu by\u0142a prezentacja dotycz\u0105ca bada\u0144 technicznych pojazd\u00f3w hybrydowych i elektrycznych w stacji kontroli pojazd\u00f3w, kt\u00f3r\u0105 poprowadzi\u0142 Pan Krzysztof Malewicz.<\/p>\n\n\n\n<p>Drugim istotnym akcentem spotkania by\u0142a prezentacja dotycz\u0105ca ochrony w\u0142asno\u015bci intelektualnej w sektorze automotive. Prelegent dr in\u017c. Konrad Ptasi\u0144ski Europejski i Polski Rzecznik Patentowy, zwr\u00f3ci\u0142 uwag\u0119 na rosn\u0105ce znaczenie innowacji technologicznych, patent\u00f3w oraz praw autorskich w kontek\u015bcie konkurencyjno\u015bci przedsi\u0119biorstw motoryzacyjnych.<\/p>\n\n\n\n<p>Ca\u0142o\u015b\u0107 spotkania mia\u0142a charakter nie tylko informacyjny, ale tak\u017ce inspiruj\u0105cy. Uczestnicy mogli dostrzec, \u017ce Bran\u017cowe Centrum Umiej\u0119tno\u015bci stanie si\u0119 miejscem, w kt\u00f3rym praktyka spotyka si\u0119 z teori\u0105, a przyszli specjali\u015bci bran\u017cy motoryzacyjnej b\u0119d\u0105 mogli zdobywa\u0107 wiedz\u0119 odpowiadaj\u0105c\u0105 potrzebom rynku.<\/p>\n\n\n\n<p><\/p>\n\n\n\n<p><\/p>\n\n\n\n<figure class=\"wp-block-image size-large\"><img loading=\"lazy\" decoding=\"async\" width=\"1024\" height=\"683\" src=\"https:\/\/bcu.opole.pl\/bcu1\/wp-content\/uploads\/sites\/3\/2025\/09\/DSC_0001-1024x683.jpg\" alt=\"\" class=\"wp-image-947\" srcset=\"https:\/\/bcu.opole.pl\/bcu1\/wp-content\/uploads\/sites\/3\/2025\/09\/DSC_0001-980x653.jpg 980w, https:\/\/bcu.opole.pl\/bcu1\/wp-content\/uploads\/sites\/3\/2025\/09\/DSC_0001-480x320.jpg 480w\" sizes=\"(min-width: 0px) and (max-width: 480px) 480px, (min-width: 481px) and (max-width: 980px) 980px, (min-width: 981px) 1024px, 100vw\" \/><\/figure>\n\n\n\n<figure class=\"wp-block-image size-large\"><img loading=\"lazy\" decoding=\"async\" width=\"1024\" height=\"683\" src=\"https:\/\/bcu.opole.pl\/bcu1\/wp-content\/uploads\/sites\/3\/2025\/09\/DSC_0028-1024x683.jpg\" alt=\"\" class=\"wp-image-965\" srcset=\"https:\/\/bcu.opole.pl\/bcu1\/wp-content\/uploads\/sites\/3\/2025\/09\/DSC_0028-980x653.jpg 980w, https:\/\/bcu.opole.pl\/bcu1\/wp-content\/uploads\/sites\/3\/2025\/09\/DSC_0028-480x320.jpg 480w\" sizes=\"(min-width: 0px) and (max-width: 480px) 480px, (min-width: 481px) and (max-width: 980px) 980px, (min-width: 981px) 1024px, 100vw\" \/><\/figure>\n\n\n\n<figure class=\"wp-block-image size-large\"><img loading=\"lazy\" decoding=\"async\" width=\"1024\" height=\"683\" src=\"https:\/\/bcu.opole.pl\/bcu1\/wp-content\/uploads\/sites\/3\/2025\/09\/DSC_0012-1024x683.jpg\" alt=\"\" class=\"wp-image-954\" srcset=\"https:\/\/bcu.opole.pl\/bcu1\/wp-content\/uploads\/sites\/3\/2025\/09\/DSC_0012-980x653.jpg 980w, https:\/\/bcu.opole.pl\/bcu1\/wp-content\/uploads\/sites\/3\/2025\/09\/DSC_0012-480x320.jpg 480w\" sizes=\"(min-width: 0px) and (max-width: 480px) 480px, (min-width: 481px) and (max-width: 980px) 980px, (min-width: 981px) 1024px, 100vw\" \/><\/figure>\n","protected":false},"excerpt":{"rendered":"<p>19 wrze\u015bnia odby\u0142o si\u0119 spotkanie po\u015bwi\u0119cone promocji projektu pn. \u201eUtworzenie i funkcjonowanie Bran\u017cowego Centrum Umiej\u0119tno\u015bci w dziedzinie przemys\u0142u motoryzacyjnego w Opolu\u201d. Wydarzenie mia\u0142o na celu przybli\u017cenie uczestnikom zakresu dzia\u0142alno\u015bci planowanego centrum oraz ukazanie jego znaczenia dla rozwoju nowoczesnych kompetencji w sektorze automotive. Jednym z kluczowych punkt\u00f3w programu by\u0142a prezentacja dotycz\u0105ca bada\u0144 technicznych pojazd\u00f3w hybrydowych i [&hellip;]<\/p>\n","protected":false},"author":17,"featured_media":969,"comment_status":"closed","ping_status":"open","sticky":false,"template":"","format":"standard","meta":{"_et_pb_use_builder":"","_et_pb_old_content":"","_et_gb_content_width":"","footnotes":""},"categories":[1],"tags":[],"class_list":["post-976","post","type-post","status-publish","format-standard","has-post-thumbnail","hentry","category-bez-kategorii"],"aioseo_notices":[],"_links":{"self":[{"href":"https:\/\/bcu.opole.pl\/bcu1\/wp-json\/wp\/v2\/posts\/976","targetHints":{"allow":["GET"]}}],"collection":[{"href":"https:\/\/bcu.opole.pl\/bcu1\/wp-json\/wp\/v2\/posts"}],"about":[{"href":"https:\/\/bcu.opole.pl\/bcu1\/wp-json\/wp\/v2\/types\/post"}],"author":[{"embeddable":true,"href":"https:\/\/bcu.opole.pl\/bcu1\/wp-json\/wp\/v2\/users\/17"}],"replies":[{"embeddable":true,"href":"https:\/\/bcu.opole.pl\/bcu1\/wp-json\/wp\/v2\/comments?post=976"}],"version-history":[{"count":2,"href":"https:\/\/bcu.opole.pl\/bcu1\/wp-json\/wp\/v2\/posts\/976\/revisions"}],"predecessor-version":[{"id":980,"href":"https:\/\/bcu.opole.pl\/bcu1\/wp-json\/wp\/v2\/posts\/976\/revisions\/980"}],"wp:featuredmedia":[{"embeddable":true,"href":"https:\/\/bcu.opole.pl\/bcu1\/wp-json\/wp\/v2\/media\/969"}],"wp:attachment":[{"href":"https:\/\/bcu.opole.pl\/bcu1\/wp-json\/wp\/v2\/media?parent=976"}],"wp:term":[{"taxonomy":"category","embeddable":true,"href":"https:\/\/bcu.opole.pl\/bcu1\/wp-json\/wp\/v2\/categories?post=976"},{"taxonomy":"post_tag","embeddable":true,"href":"https:\/\/bcu.opole.pl\/bcu1\/wp-json\/wp\/v2\/tags?post=976"}],"curies":[{"name":"wp","href":"https:\/\/api.w.org\/{rel}","templated":true}]}}