{"id":939,"date":"2025-09-18T15:30:34","date_gmt":"2025-09-18T13:30:34","guid":{"rendered":"https:\/\/bcu.opole.pl\/bcu1\/?p=939"},"modified":"2025-09-18T15:31:12","modified_gmt":"2025-09-18T13:31:12","slug":"spotkanie-z-przemyslem-2","status":"publish","type":"post","link":"https:\/\/bcu.opole.pl\/bcu1\/2025\/09\/18\/spotkanie-z-przemyslem-2\/","title":{"rendered":"Spotkanie z przemys\u0142em 2"},"content":{"rendered":"\n<figure class=\"wp-block-image size-large is-resized\"><img loading=\"lazy\" decoding=\"async\" width=\"1024\" height=\"1024\" src=\"https:\/\/bcu.opole.pl\/bcu1\/wp-content\/uploads\/sites\/3\/2025\/09\/spotkanie-z-przemyslem-1024x1024.png\" alt=\"\" class=\"wp-image-940\" style=\"width:523px;height:auto\" srcset=\"https:\/\/bcu.opole.pl\/bcu1\/wp-content\/uploads\/sites\/3\/2025\/09\/spotkanie-z-przemyslem-1024x1024.png 1024w, https:\/\/bcu.opole.pl\/bcu1\/wp-content\/uploads\/sites\/3\/2025\/09\/spotkanie-z-przemyslem-980x980.png 980w, https:\/\/bcu.opole.pl\/bcu1\/wp-content\/uploads\/sites\/3\/2025\/09\/spotkanie-z-przemyslem-480x480.png 480w\" sizes=\"(min-width: 0px) and (max-width: 480px) 480px, (min-width: 481px) and (max-width: 980px) 980px, (min-width: 981px) 1024px, 100vw\" \/><\/figure>\n\n\n\n<p>Zapraszamy na drug\u0105 edycj\u0119 Spotkania z Przemys\u0142em. Tym razem prelegentami b\u0119d\u0105: Krzysztof Malewicz, ekspert bran\u017cy motoryzacyjnej, Prezes Polskiego Zwi\u0105zku Motorowego w Opolu oraz dr in\u017c. Konrad Ptasi\u0144ski, rzecznik patentowy. <\/p>\n\n\n\n<p>Wydarzenie odb\u0119dzie si\u0119 19 wrze\u015bnia w Zespole Plac\u00f3wek O\u015bwiatowych w Opolu.<br><br><strong>Agenda wydarzenia: <\/strong><br><br><strong>Rejestracja uczestnik\u00f3w<\/strong><br>Czas: 09:00 \u2013 09:20<\/p>\n\n\n\n<ul class=\"wp-block-list\">\n<li><strong>Przywitanie go\u015bci<\/strong><br>Czas: 09:20 &#8211; 9:30<br><\/li>\n\n\n\n<li><strong>Prezentacja:<\/strong> Badania techniczne pojazd\u00f3w hybrydowych i elektrycznych w stacji kontroli pojazd\u00f3w.<br>Prelegent: Krzysztof Malewicz<br>Czas: 09:30 \u2013 10:00<\/li>\n<\/ul>\n\n\n\n<p>&nbsp;&nbsp;&nbsp;&nbsp;&nbsp; <a>Dyskusyjny i sesja Q&amp;A<\/a><\/p>\n\n\n\n<ul class=\"wp-block-list\">\n<li><strong>Przerwa kawowa<\/strong><br>Czas:10:15-10:30<\/li>\n<\/ul>\n\n\n\n<ul class=\"wp-block-list\">\n<li><strong>Prezentacja: <\/strong>Silnik pomys\u0142\u00f3w \u2014 jak nap\u0119dza\u0107 i chroni\u0107 w\u0142asno\u015b\u0107 intelektualn\u0105 w automotive<br>Prelegent: dr in\u017c. Konrad Ptasi\u0144ski Europejski i Polski Rzecznik Patentowy<br>Czas: 10:30 \u2013 11:00<\/li>\n<\/ul>\n\n\n\n<p><strong>Doradztwo z zakresu w\u0142asno\u015bci intelektualnej punkt konsultacyjny.<\/strong><\/p>\n\n\n\n<p><strong>Dyskusyjny i sesja Q&amp;A<\/strong><\/p>\n\n\n\n<p>Zako\u0144czenie<br><br><strong>Krzysztof Malewicz<\/strong> &#8211; ekspert bran\u017cy motoryzacyjnej, Prezes Polskiego Zwi\u0105zku Motorowego w Opolu doktor nauk technicznych w specjalno\u015bci Budowa i Eksploatacja Maszyn, Politechnika Opolska, In\u017cynier \u2013 Mechaniki i Budowy Maszyn spec. Samochody i Ci\u0105gniki<\/p>\n\n\n\n<p>Certyfikowany Rzeczoznawca Samochodowy<\/p>\n\n\n\n<p>Pasjonat zabytkowych i klasycznych motocykli.<\/p>\n\n\n\n<p>Obszary dzia\u0142alno\u015bci: Zarz\u0105dzanie zasobami ludzkimi, Badania i Ekspertyzy techniczne.<\/p>\n\n\n\n<p><strong>Konrad Ptasi\u0144ski &#8211; <\/strong>rzecznik patentowy<\/p>\n","protected":false},"excerpt":{"rendered":"<p>Zapraszamy na drug\u0105 edycj\u0119 Spotkania z Przemys\u0142em. Tym razem prelegentami b\u0119d\u0105: Krzysztof Malewicz, ekspert bran\u017cy motoryzacyjnej, Prezes Polskiego Zwi\u0105zku Motorowego w Opolu oraz dr in\u017c. Konrad Ptasi\u0144ski, rzecznik patentowy. Wydarzenie odb\u0119dzie si\u0119 19 wrze\u015bnia w Zespole Plac\u00f3wek O\u015bwiatowych w Opolu. Agenda wydarzenia: Rejestracja uczestnik\u00f3wCzas: 09:00 \u2013 09:20 &nbsp;&nbsp;&nbsp;&nbsp;&nbsp; Dyskusyjny i sesja Q&amp;A Doradztwo z zakresu [&hellip;]<\/p>\n","protected":false},"author":4,"featured_media":940,"comment_status":"closed","ping_status":"open","sticky":false,"template":"","format":"standard","meta":{"_et_pb_use_builder":"","_et_pb_old_content":"","_et_gb_content_width":"","footnotes":""},"categories":[1],"tags":[],"class_list":["post-939","post","type-post","status-publish","format-standard","has-post-thumbnail","hentry","category-bez-kategorii"],"aioseo_notices":[],"_links":{"self":[{"href":"https:\/\/bcu.opole.pl\/bcu1\/wp-json\/wp\/v2\/posts\/939","targetHints":{"allow":["GET"]}}],"collection":[{"href":"https:\/\/bcu.opole.pl\/bcu1\/wp-json\/wp\/v2\/posts"}],"about":[{"href":"https:\/\/bcu.opole.pl\/bcu1\/wp-json\/wp\/v2\/types\/post"}],"author":[{"embeddable":true,"href":"https:\/\/bcu.opole.pl\/bcu1\/wp-json\/wp\/v2\/users\/4"}],"replies":[{"embeddable":true,"href":"https:\/\/bcu.opole.pl\/bcu1\/wp-json\/wp\/v2\/comments?post=939"}],"version-history":[{"count":2,"href":"https:\/\/bcu.opole.pl\/bcu1\/wp-json\/wp\/v2\/posts\/939\/revisions"}],"predecessor-version":[{"id":1014,"href":"https:\/\/bcu.opole.pl\/bcu1\/wp-json\/wp\/v2\/posts\/939\/revisions\/1014"}],"wp:featuredmedia":[{"embeddable":true,"href":"https:\/\/bcu.opole.pl\/bcu1\/wp-json\/wp\/v2\/media\/940"}],"wp:attachment":[{"href":"https:\/\/bcu.opole.pl\/bcu1\/wp-json\/wp\/v2\/media?parent=939"}],"wp:term":[{"taxonomy":"category","embeddable":true,"href":"https:\/\/bcu.opole.pl\/bcu1\/wp-json\/wp\/v2\/categories?post=939"},{"taxonomy":"post_tag","embeddable":true,"href":"https:\/\/bcu.opole.pl\/bcu1\/wp-json\/wp\/v2\/tags?post=939"}],"curies":[{"name":"wp","href":"https:\/\/api.w.org\/{rel}","templated":true}]}}