{"id":820,"date":"2025-09-04T10:23:21","date_gmt":"2025-09-04T08:23:21","guid":{"rendered":"https:\/\/bcu.opole.pl\/bcu1\/?p=820"},"modified":"2025-10-27T10:27:47","modified_gmt":"2025-10-27T09:27:47","slug":"bezplatne-kursy","status":"publish","type":"post","link":"https:\/\/bcu.opole.pl\/bcu1\/2025\/09\/04\/bezplatne-kursy\/","title":{"rendered":"Bezp\u0142atne kursy"},"content":{"rendered":"\n<figure class=\"wp-block-image size-large\"><img loading=\"lazy\" decoding=\"async\" width=\"1024\" height=\"579\" src=\"https:\/\/bcu.opole.pl\/bcu1\/wp-content\/uploads\/sites\/3\/2025\/09\/2-str-bcu-aktualnosci-1024x579.png\" alt=\"\" class=\"wp-image-879\" srcset=\"https:\/\/bcu.opole.pl\/bcu1\/wp-content\/uploads\/sites\/3\/2025\/09\/2-str-bcu-aktualnosci-980x554.png 980w, https:\/\/bcu.opole.pl\/bcu1\/wp-content\/uploads\/sites\/3\/2025\/09\/2-str-bcu-aktualnosci-480x271.png 480w\" sizes=\"(min-width: 0px) and (max-width: 480px) 480px, (min-width: 481px) and (max-width: 980px) 980px, (min-width: 981px) 1024px, 100vw\" \/><\/figure>\n\n\n\n<p>Dzi\u0119ki unijnemu projektowi pn. <strong>\u201eUtworzenie i funkcjonowanie bran\u017cowego centrum umiej\u0119tno\u015bci w dziedzinie przemys\u0142u motoryzacyjnego w Opolu\u201d<\/strong> oferujemy bezp\u0142atne, profesjonalne szkolenia dedykowane dla os\u00f3b pracuj\u0105cych w bran\u017cy motoryzacyjnej, kt\u00f3re chc\u0105 rozwija\u0107 swoje umiej\u0119tno\u015bci i przygotowa\u0107 si\u0119 na wyzwania zwi\u0105zane z elektromobilno\u015bci\u0105.<\/p>\n\n\n\n<p>W zwi\u0105zku z szybkim rozwojem pojazd\u00f3w elektrycznych, hybrydowych i wodorowych na polskich i europejskich drogach, przygotowali\u015bmy ofert\u0119 <strong>praktycznych kurs\u00f3w technicznych<\/strong>, kt\u00f3re pozwol\u0105 uczestnikom zdoby\u0107 nowoczesn\u0105 wiedz\u0119 z zakresu elektromobilno\u015bci.<\/p>\n\n\n\n<p>P<strong>rzygotowali\u015bmy 4 atrakcyjne kursy techniczne:<\/strong><\/p>\n\n\n\n<ol start=\"1\" class=\"wp-block-list\">\n<li><strong>Bezpieczna praca z autami elektrycznymi<\/strong><br>Naucz si\u0119, jak bezpiecznie diagnozowa\u0107 i serwisowa\u0107 pojazdy elektryczne \u2013 poznaj zasady pracy z wysokim napi\u0119ciem.<\/li>\n\n\n\n<li><strong><strong>Elektryk w fabryce- budowa aut elektrycznych (BEV) i wodorowych (FCEV)<\/strong><\/strong><br>Dowiedz si\u0119, jak zbudowany jest pojazd elektryczny, jak dzia\u0142aj\u0105 jego podzespo\u0142y i jak go skutecznie serwisowa\u0107.<\/li>\n\n\n\n<li><strong>Nowoczesne hybrydy w praktyce (HEV, PHEV, MHEV, EREV)<\/strong><br>Kompendium wiedzy o hybrydach \u2013 r\u00f3\u017cnice, diagnostyka, typowe usterki i obs\u0142uga serwisowa.<\/li>\n\n\n\n<li><strong>Pojazdy wodorowe \u2013 <strong>pojazdy przysz\u0142o\u015bci (FCEV)<\/strong><\/strong><br>Poznaj technologi\u0119 wodorow\u0105 i przygotuj si\u0119 na now\u0105 er\u0119 w motoryzacji.<\/li>\n<\/ol>\n\n\n\n<hr class=\"wp-block-separator has-alpha-channel-opacity\"\/>\n\n\n\n<p><strong>Dlaczego warto?<\/strong><\/p>\n\n\n\n<p>\u2705 Wszystkie szkolenia s\u0105 <strong>bezp\u0142atne<\/strong><br>\u2705 Kursy prowadzone przez ekspert\u00f3w z bran\u017cy<br>\u2705 Du\u017cy nacisk na <strong>praktyczne umiej\u0119tno\u015bci<\/strong><br>\u2705 Uczestnicy otrzymuj\u0105 <strong>certyfikat uko\u0144czenia szkolenia<\/strong><br>\u2705 Nowoczesne zaplecze techniczne i dydaktyczne<\/p>\n\n\n\n<hr class=\"wp-block-separator has-alpha-channel-opacity\"\/>\n\n\n\n<p><strong>Zg\u0142oszenia<\/strong><\/p>\n\n\n\n<p>Aby zapisa\u0107 si\u0119 na szkolenie, wype\u0142nij formularz rekrutacyjny dost\u0119pny na stronie:<br><strong><a href=\"https:\/\/bcu.opole.pl\/bcu1\/formularz-rekrutacyjny\/\">https:\/\/bcu.opole.pl\/bcu1\/formularz-rekrutacyjny\/<\/a><\/strong><\/p>\n","protected":false},"excerpt":{"rendered":"<p>Dzi\u0119ki unijnemu projektowi pn. \u201eUtworzenie i funkcjonowanie bran\u017cowego centrum umiej\u0119tno\u015bci w dziedzinie przemys\u0142u motoryzacyjnego w Opolu\u201d oferujemy bezp\u0142atne, profesjonalne szkolenia dedykowane dla os\u00f3b pracuj\u0105cych w bran\u017cy motoryzacyjnej, kt\u00f3re chc\u0105 rozwija\u0107 swoje umiej\u0119tno\u015bci i przygotowa\u0107 si\u0119 na wyzwania zwi\u0105zane z elektromobilno\u015bci\u0105. W zwi\u0105zku z szybkim rozwojem pojazd\u00f3w elektrycznych, hybrydowych i wodorowych na polskich i europejskich drogach, [&hellip;]<\/p>\n","protected":false},"author":17,"featured_media":875,"comment_status":"closed","ping_status":"open","sticky":false,"template":"","format":"standard","meta":{"_et_pb_use_builder":"","_et_pb_old_content":"","_et_gb_content_width":"","footnotes":""},"categories":[1],"tags":[],"class_list":["post-820","post","type-post","status-publish","format-standard","has-post-thumbnail","hentry","category-bez-kategorii"],"aioseo_notices":[],"_links":{"self":[{"href":"https:\/\/bcu.opole.pl\/bcu1\/wp-json\/wp\/v2\/posts\/820","targetHints":{"allow":["GET"]}}],"collection":[{"href":"https:\/\/bcu.opole.pl\/bcu1\/wp-json\/wp\/v2\/posts"}],"about":[{"href":"https:\/\/bcu.opole.pl\/bcu1\/wp-json\/wp\/v2\/types\/post"}],"author":[{"embeddable":true,"href":"https:\/\/bcu.opole.pl\/bcu1\/wp-json\/wp\/v2\/users\/17"}],"replies":[{"embeddable":true,"href":"https:\/\/bcu.opole.pl\/bcu1\/wp-json\/wp\/v2\/comments?post=820"}],"version-history":[{"count":6,"href":"https:\/\/bcu.opole.pl\/bcu1\/wp-json\/wp\/v2\/posts\/820\/revisions"}],"predecessor-version":[{"id":1186,"href":"https:\/\/bcu.opole.pl\/bcu1\/wp-json\/wp\/v2\/posts\/820\/revisions\/1186"}],"wp:featuredmedia":[{"embeddable":true,"href":"https:\/\/bcu.opole.pl\/bcu1\/wp-json\/wp\/v2\/media\/875"}],"wp:attachment":[{"href":"https:\/\/bcu.opole.pl\/bcu1\/wp-json\/wp\/v2\/media?parent=820"}],"wp:term":[{"taxonomy":"category","embeddable":true,"href":"https:\/\/bcu.opole.pl\/bcu1\/wp-json\/wp\/v2\/categories?post=820"},{"taxonomy":"post_tag","embeddable":true,"href":"https:\/\/bcu.opole.pl\/bcu1\/wp-json\/wp\/v2\/tags?post=820"}],"curies":[{"name":"wp","href":"https:\/\/api.w.org\/{rel}","templated":true}]}}