{"id":393,"date":"2025-08-27T11:37:40","date_gmt":"2025-08-27T09:37:40","guid":{"rendered":"https:\/\/bcu.opole.pl\/bcu1\/?p=393"},"modified":"2025-08-27T11:38:04","modified_gmt":"2025-08-27T09:38:04","slug":"inauguracja-projektu","status":"publish","type":"post","link":"https:\/\/bcu.opole.pl\/bcu1\/2025\/08\/27\/inauguracja-projektu\/","title":{"rendered":"Inauguracja projektu"},"content":{"rendered":"<h2 class=\"wp-block-post-title\">Inauguracja projektu<\/h2>\n\n\n<figure class=\"wp-block-image size-large\"><img loading=\"lazy\" decoding=\"async\" width=\"1024\" height=\"683\" src=\"https:\/\/bcu.opole.pl\/bcu1\/wp-content\/uploads\/sites\/3\/2025\/05\/BCU-7-1024x683.jpg\" alt=\"\" class=\"wp-image-394\" srcset=\"https:\/\/bcu.opole.pl\/bcu1\/wp-content\/uploads\/sites\/3\/2025\/05\/BCU-7-980x653.jpg 980w, https:\/\/bcu.opole.pl\/bcu1\/wp-content\/uploads\/sites\/3\/2025\/05\/BCU-7-480x320.jpg 480w\" sizes=\"(min-width: 0px) and (max-width: 480px) 480px, (min-width: 481px) and (max-width: 980px) 980px, (min-width: 981px) 1024px, 100vw\" \/><\/figure>\n\n\n\n<p><\/p>\n\n\n\n<p>Oficjalnie zainaugurowali\u015bmy powstanie Bran\u017cowego Centrum Umiej\u0119tno\u015bci w dziedzinie przemys\u0142u motoryzacyjnego. To prze\u0142omowy i jedyny w Polsce tego typu projekt, kt\u00f3ry b\u0119dzie oferowa\u0107 certyfikacj\u0119 w zakresie podstaw elektromobilno\u015bci.<\/p>\n\n\n\n<p class=\"has-text-align-left\">Plac\u00f3wka, dzia\u0142aj\u0105ca w strukturach Zespo\u0142u Plac\u00f3wek O\u015bwiatowych nr 1 w Opolu, zapewni dost\u0119p do nowoczesnej infrastruktury, w tym pracowni pojazd\u00f3w elektrycznych i hybrydowych, symulator\u00f3w stacji \u0142adowania oraz zaawansowanej hamowni podwoziowej z uk\u0142adem cztery na cztery.<br><br>&#8211; To prze\u0142omowa inwestycja i krok milowy, kt\u00f3ry zapewni Opolu pozycj\u0119 lidera w ci\u0105gu najbli\u017cszych lat &#8211; m\u00f3wi\u0142 podczas otwarcia Prezes PNT w Opolu, prof. Jaros\u0142aw Mamala.<br><br>W ramach projektu zostanie przeszkolonych 300 os\u00f3b. Liderem projektu jest Miasto Opole, partnerem bran\u017cowym PIRE &#8211; Polska Izba Rozwoju Elektromobilno\u015bci, a partnerem dodatkowym <a href=\"https:\/\/www.linkedin.com\/company\/park-naukowo-technologiczny-w-opolu-sp-z-o-o\/\"><\/a><br><br><strong><em>Projekt jest finansowany z Krajowego Planu Odbudowy i Zwi\u0119kszania Odporno\u015bci (KPO).<\/em><\/strong><\/p>\n\n\n\n<figure class=\"wp-block-gallery has-nested-images columns-default is-cropped wp-block-gallery-1 is-layout-flex wp-block-gallery-is-layout-flex\">\n<figure class=\"wp-block-image size-large\"><img loading=\"lazy\" decoding=\"async\" width=\"1024\" height=\"683\" data-id=\"395\" src=\"https:\/\/bcu.opole.pl\/bcu1\/wp-content\/uploads\/sites\/3\/2025\/05\/BCU-9-1024x683.jpg\" alt=\"\" class=\"wp-image-395\" srcset=\"https:\/\/bcu.opole.pl\/bcu1\/wp-content\/uploads\/sites\/3\/2025\/05\/BCU-9-980x653.jpg 980w, https:\/\/bcu.opole.pl\/bcu1\/wp-content\/uploads\/sites\/3\/2025\/05\/BCU-9-480x320.jpg 480w\" sizes=\"(min-width: 0px) and (max-width: 480px) 480px, (min-width: 481px) and (max-width: 980px) 980px, (min-width: 981px) 1024px, 100vw\" \/><\/figure>\n<\/figure>\n\n\n\n<figure class=\"wp-block-embed is-type-video is-provider-youtube wp-block-embed-youtube wp-embed-aspect-16-9 wp-has-aspect-ratio\"><div class=\"wp-block-embed__wrapper\">\n<iframe loading=\"lazy\" title=\"Inauguracja projektu Bran\u017cowego Centrum Umiej\u0119tno\u015bci w dziedzinie przemys\u0142u motoryzacyjnego\" width=\"1080\" height=\"608\" src=\"https:\/\/www.youtube.com\/embed\/lhosGE19u4I?feature=oembed\"  allow=\"accelerometer; autoplay; clipboard-write; encrypted-media; gyroscope; picture-in-picture; web-share\" referrerpolicy=\"strict-origin-when-cross-origin\" allowfullscreen><\/iframe>\n<\/div><\/figure>\n","protected":false},"excerpt":{"rendered":"<p>Oficjalnie zainaugurowali\u015bmy powstanie Bran\u017cowego Centrum Umiej\u0119tno\u015bci w dziedzinie przemys\u0142u motoryzacyjnego. To prze\u0142omowy i jedyny w Polsce tego typu projekt, kt\u00f3ry b\u0119dzie oferowa\u0107 certyfikacj\u0119 w zakresie podstaw elektromobilno\u015bci. Plac\u00f3wka, dzia\u0142aj\u0105ca w strukturach Zespo\u0142u Plac\u00f3wek O\u015bwiatowych nr 1 w Opolu, zapewni dost\u0119p do nowoczesnej infrastruktury, w tym pracowni pojazd\u00f3w elektrycznych i hybrydowych, symulator\u00f3w stacji \u0142adowania oraz zaawansowanej [&hellip;]<\/p>\n","protected":false},"author":4,"featured_media":394,"comment_status":"closed","ping_status":"open","sticky":false,"template":"","format":"standard","meta":{"_et_pb_use_builder":"","_et_pb_old_content":"","_et_gb_content_width":"","footnotes":""},"categories":[1],"tags":[],"class_list":["post-393","post","type-post","status-publish","format-standard","has-post-thumbnail","hentry","category-bez-kategorii"],"aioseo_notices":[],"_links":{"self":[{"href":"https:\/\/bcu.opole.pl\/bcu1\/wp-json\/wp\/v2\/posts\/393","targetHints":{"allow":["GET"]}}],"collection":[{"href":"https:\/\/bcu.opole.pl\/bcu1\/wp-json\/wp\/v2\/posts"}],"about":[{"href":"https:\/\/bcu.opole.pl\/bcu1\/wp-json\/wp\/v2\/types\/post"}],"author":[{"embeddable":true,"href":"https:\/\/bcu.opole.pl\/bcu1\/wp-json\/wp\/v2\/users\/4"}],"replies":[{"embeddable":true,"href":"https:\/\/bcu.opole.pl\/bcu1\/wp-json\/wp\/v2\/comments?post=393"}],"version-history":[{"count":3,"href":"https:\/\/bcu.opole.pl\/bcu1\/wp-json\/wp\/v2\/posts\/393\/revisions"}],"predecessor-version":[{"id":697,"href":"https:\/\/bcu.opole.pl\/bcu1\/wp-json\/wp\/v2\/posts\/393\/revisions\/697"}],"wp:featuredmedia":[{"embeddable":true,"href":"https:\/\/bcu.opole.pl\/bcu1\/wp-json\/wp\/v2\/media\/394"}],"wp:attachment":[{"href":"https:\/\/bcu.opole.pl\/bcu1\/wp-json\/wp\/v2\/media?parent=393"}],"wp:term":[{"taxonomy":"category","embeddable":true,"href":"https:\/\/bcu.opole.pl\/bcu1\/wp-json\/wp\/v2\/categories?post=393"},{"taxonomy":"post_tag","embeddable":true,"href":"https:\/\/bcu.opole.pl\/bcu1\/wp-json\/wp\/v2\/tags?post=393"}],"curies":[{"name":"wp","href":"https:\/\/api.w.org\/{rel}","templated":true}]}}