{"id":2090,"date":"2026-04-20T09:43:39","date_gmt":"2026-04-20T07:43:39","guid":{"rendered":"https:\/\/bcu.opole.pl\/bcu1\/?p=2090"},"modified":"2026-04-20T09:48:22","modified_gmt":"2026-04-20T07:48:22","slug":"spotkanie-z-przemyslem-6","status":"publish","type":"post","link":"https:\/\/bcu.opole.pl\/bcu1\/2026\/04\/20\/spotkanie-z-przemyslem-6\/","title":{"rendered":"SPOTKANIE Z PRZEMYS\u0141EM"},"content":{"rendered":"\n<h2 class=\"wp-block-heading\">SPOTKANIE Z PRZEMYS\u0141EM <\/h2>\n\n\n<figure class=\"wp-block-post-featured-image\"><img loading=\"lazy\" decoding=\"async\" width=\"1500\" height=\"1000\" src=\"https:\/\/bcu.opole.pl\/bcu1\/wp-content\/uploads\/sites\/3\/2026\/04\/DSC_0025.jpg\" class=\"attachment-post-thumbnail size-post-thumbnail wp-post-image\" alt=\"\" style=\"object-fit:cover;\" srcset=\"https:\/\/bcu.opole.pl\/bcu1\/wp-content\/uploads\/sites\/3\/2026\/04\/DSC_0025.jpg 1500w, https:\/\/bcu.opole.pl\/bcu1\/wp-content\/uploads\/sites\/3\/2026\/04\/DSC_0025-1280x853.jpg 1280w, https:\/\/bcu.opole.pl\/bcu1\/wp-content\/uploads\/sites\/3\/2026\/04\/DSC_0025-980x653.jpg 980w, https:\/\/bcu.opole.pl\/bcu1\/wp-content\/uploads\/sites\/3\/2026\/04\/DSC_0025-480x320.jpg 480w\" sizes=\"(min-width: 0px) and (max-width: 480px) 480px, (min-width: 481px) and (max-width: 980px) 980px, (min-width: 981px) and (max-width: 1280px) 1280px, (min-width: 1281px) 1500px, 100vw\" \/><\/figure>\n\n\n<figure class=\"wp-block-image size-large\"><img loading=\"lazy\" decoding=\"async\" width=\"1024\" height=\"683\" src=\"https:\/\/bcu.opole.pl\/bcu1\/wp-content\/uploads\/sites\/3\/2026\/04\/DSC_0016-1024x683.jpg\" alt=\"\" class=\"wp-image-2093\" srcset=\"https:\/\/bcu.opole.pl\/bcu1\/wp-content\/uploads\/sites\/3\/2026\/04\/DSC_0016-980x653.jpg 980w, https:\/\/bcu.opole.pl\/bcu1\/wp-content\/uploads\/sites\/3\/2026\/04\/DSC_0016-480x320.jpg 480w\" sizes=\"(min-width: 0px) and (max-width: 480px) 480px, (min-width: 481px) and (max-width: 980px) 980px, (min-width: 981px) 1024px, 100vw\" \/><\/figure>\n\n\n\n<p><\/p>\n\n\n\n<p><\/p>\n\n\n\n<p>Dnia 16 kwietnia w naszym <strong>Bran\u017cowym Centrum Umiej\u0119tno\u015bci w dziedzinie przemys\u0142u motoryzacyjnego<\/strong> odby\u0142a si\u0119 kolejna sesja pn. \u201e<strong>Spotkanie z Przemys\u0142em<\/strong>&#8222;. Wydarzenie to stanowi\u0142o doskona\u0142\u0105 okazj\u0119 do wymiany wiedzy, do\u015bwiadcze\u0144 oraz budowania relacji pomi\u0119dzy \u015brodowiskiem akademickim, a sektorem przemys\u0142owym.<\/p>\n\n\n\n<p>Tym razem w roli s\u0142uchaczy wyst\u0105pili studenci Politechniki Opolskiej, kt\u00f3rzy licznie uczestniczyli w spotkaniu, wykazuj\u0105c du\u017ce zainteresowanie poruszanymi zagadnieniami. Program wydarzenia obejmowa\u0142 dwa wyst\u0105pienia eksperckie, prowadzone przez specjalist\u00f3w z r\u00f3\u017cnych obszar\u00f3w przemys\u0142u i zarz\u0105dzania.<\/p>\n\n\n\n<p>Pierwsz\u0105 prelekcj\u0119 wyg\u0142osi\u0142 Patryk Stasiak, kt\u00f3ry przybli\u017cy\u0142 uczestnikom temat recyklingu materia\u0142\u00f3w z pojazd\u00f3w samochodowych.<\/p>\n\n\n\n<p>Prezentacja spotka\u0142a si\u0119 z du\u017cym zainteresowaniem, szczeg\u00f3lnie w kontek\u015bcie rosn\u0105cych wymaga\u0144 \u015brodowiskowych i regulacyjnych.<\/p>\n\n\n\n<p>Nast\u0119pnie g\u0142os zabra\u0142 dr in\u017c. Konrad Ptasi\u0144ski. Prelekcja ta dostarczy\u0142a uczestnikom cennych wskaz\u00f3wek dotycz\u0105cych praktycznego podej\u015bcia do zarz\u0105dzania IP w realiach wsp\u00f3\u0142czesnego rynku.<\/p>\n\n\n\n<p>Spotkanie zako\u0144czy\u0142o si\u0119 sesj\u0105 pyta\u0144 i odpowiedzi, podczas kt\u00f3rej studenci mieli mo\u017cliwo\u015b\u0107 bezpo\u015bredniej rozmowy z prelegentami oraz pog\u0142\u0119bienia omawianych temat\u00f3w. Wydarzenie po raz kolejny potwierdzi\u0142o, jak wa\u017cna jest wsp\u00f3\u0142praca pomi\u0119dzy uczelniami, a przemys\u0142em w kszta\u0142towaniu kompetencji przysz\u0142ych specjalist\u00f3w.<\/p>\n\n\n\n<p><\/p>\n\n\n\n<figure class=\"wp-block-image size-large\"><img loading=\"lazy\" decoding=\"async\" width=\"1024\" height=\"683\" src=\"https:\/\/bcu.opole.pl\/bcu1\/wp-content\/uploads\/sites\/3\/2026\/04\/DSC_0032-1024x683.jpg\" alt=\"\" class=\"wp-image-2094\" srcset=\"https:\/\/bcu.opole.pl\/bcu1\/wp-content\/uploads\/sites\/3\/2026\/04\/DSC_0032-980x653.jpg 980w, https:\/\/bcu.opole.pl\/bcu1\/wp-content\/uploads\/sites\/3\/2026\/04\/DSC_0032-480x320.jpg 480w\" sizes=\"(min-width: 0px) and (max-width: 480px) 480px, (min-width: 481px) and (max-width: 980px) 980px, (min-width: 981px) 1024px, 100vw\" \/><\/figure>\n\n\n\n<figure class=\"wp-block-image size-large\"><img loading=\"lazy\" decoding=\"async\" width=\"1024\" height=\"683\" src=\"https:\/\/bcu.opole.pl\/bcu1\/wp-content\/uploads\/sites\/3\/2026\/04\/DSC_0038-1024x683.jpg\" alt=\"\" class=\"wp-image-2095\" srcset=\"https:\/\/bcu.opole.pl\/bcu1\/wp-content\/uploads\/sites\/3\/2026\/04\/DSC_0038-980x653.jpg 980w, https:\/\/bcu.opole.pl\/bcu1\/wp-content\/uploads\/sites\/3\/2026\/04\/DSC_0038-480x320.jpg 480w\" sizes=\"(min-width: 0px) and (max-width: 480px) 480px, (min-width: 481px) and (max-width: 980px) 980px, (min-width: 981px) 1024px, 100vw\" \/><\/figure>\n\n\n\n<figure class=\"wp-block-image size-large\"><img loading=\"lazy\" decoding=\"async\" width=\"1024\" height=\"683\" src=\"https:\/\/bcu.opole.pl\/bcu1\/wp-content\/uploads\/sites\/3\/2026\/04\/DSC_0004-1024x683.jpg\" alt=\"\" class=\"wp-image-2096\" srcset=\"https:\/\/bcu.opole.pl\/bcu1\/wp-content\/uploads\/sites\/3\/2026\/04\/DSC_0004-980x654.jpg 980w, https:\/\/bcu.opole.pl\/bcu1\/wp-content\/uploads\/sites\/3\/2026\/04\/DSC_0004-480x320.jpg 480w\" sizes=\"(min-width: 0px) and (max-width: 480px) 480px, (min-width: 481px) and (max-width: 980px) 980px, (min-width: 981px) 1024px, 100vw\" \/><\/figure>\n","protected":false},"excerpt":{"rendered":"<p>SPOTKANIE Z PRZEMYS\u0141EM Dnia 16 kwietnia w naszym Bran\u017cowym Centrum Umiej\u0119tno\u015bci w dziedzinie przemys\u0142u motoryzacyjnego odby\u0142a si\u0119 kolejna sesja pn. \u201eSpotkanie z Przemys\u0142em&#8222;. Wydarzenie to stanowi\u0142o doskona\u0142\u0105 okazj\u0119 do wymiany wiedzy, do\u015bwiadcze\u0144 oraz budowania relacji pomi\u0119dzy \u015brodowiskiem akademickim, a sektorem przemys\u0142owym. Tym razem w roli s\u0142uchaczy wyst\u0105pili studenci Politechniki Opolskiej, kt\u00f3rzy licznie uczestniczyli w spotkaniu, [&hellip;]<\/p>\n","protected":false},"author":17,"featured_media":2092,"comment_status":"closed","ping_status":"closed","sticky":false,"template":"","format":"standard","meta":{"_et_pb_use_builder":"","_et_pb_old_content":"","_et_gb_content_width":"","footnotes":""},"categories":[1],"tags":[],"class_list":["post-2090","post","type-post","status-publish","format-standard","has-post-thumbnail","hentry","category-bez-kategorii"],"aioseo_notices":[],"_links":{"self":[{"href":"https:\/\/bcu.opole.pl\/bcu1\/wp-json\/wp\/v2\/posts\/2090","targetHints":{"allow":["GET"]}}],"collection":[{"href":"https:\/\/bcu.opole.pl\/bcu1\/wp-json\/wp\/v2\/posts"}],"about":[{"href":"https:\/\/bcu.opole.pl\/bcu1\/wp-json\/wp\/v2\/types\/post"}],"author":[{"embeddable":true,"href":"https:\/\/bcu.opole.pl\/bcu1\/wp-json\/wp\/v2\/users\/17"}],"replies":[{"embeddable":true,"href":"https:\/\/bcu.opole.pl\/bcu1\/wp-json\/wp\/v2\/comments?post=2090"}],"version-history":[{"count":3,"href":"https:\/\/bcu.opole.pl\/bcu1\/wp-json\/wp\/v2\/posts\/2090\/revisions"}],"predecessor-version":[{"id":2100,"href":"https:\/\/bcu.opole.pl\/bcu1\/wp-json\/wp\/v2\/posts\/2090\/revisions\/2100"}],"wp:featuredmedia":[{"embeddable":true,"href":"https:\/\/bcu.opole.pl\/bcu1\/wp-json\/wp\/v2\/media\/2092"}],"wp:attachment":[{"href":"https:\/\/bcu.opole.pl\/bcu1\/wp-json\/wp\/v2\/media?parent=2090"}],"wp:term":[{"taxonomy":"category","embeddable":true,"href":"https:\/\/bcu.opole.pl\/bcu1\/wp-json\/wp\/v2\/categories?post=2090"},{"taxonomy":"post_tag","embeddable":true,"href":"https:\/\/bcu.opole.pl\/bcu1\/wp-json\/wp\/v2\/tags?post=2090"}],"curies":[{"name":"wp","href":"https:\/\/api.w.org\/{rel}","templated":true}]}}