{"id":2085,"date":"2026-04-15T11:20:32","date_gmt":"2026-04-15T09:20:32","guid":{"rendered":"https:\/\/bcu.opole.pl\/bcu1\/?p=2085"},"modified":"2026-04-15T11:20:47","modified_gmt":"2026-04-15T09:20:47","slug":"volvo-wprowadza-na-rynek-nowe-ciezarowki-elektryczne-o-zasiegu-do-700-km","status":"publish","type":"post","link":"https:\/\/bcu.opole.pl\/bcu1\/2026\/04\/15\/volvo-wprowadza-na-rynek-nowe-ciezarowki-elektryczne-o-zasiegu-do-700-km\/","title":{"rendered":"Volvo wprowadza na rynek nowe ci\u0119\u017car\u00f3wki elektryczne \u2013 o zasi\u0119gu do 700 km"},"content":{"rendered":"\n<h2 class=\"wp-block-heading\">Volvo wprowadza na rynek nowe ci\u0119\u017car\u00f3wki elektryczne \u2013 o zasi\u0119gu do 700 km<\/h2>\n\n\n<div class=\"wp-block-post-author-name\">piotrczerwonka<\/div>\n\n\n<p>A teraz w ramach projektu ZERO by PIRE <\/p>\n\n\n\n<figure class=\"wp-block-image size-large\"><img loading=\"lazy\" decoding=\"async\" width=\"1024\" height=\"724\" src=\"https:\/\/bcu.opole.pl\/bcu1\/wp-content\/uploads\/sites\/3\/2026\/04\/Front-cover-Jak-dekarbonizowac-flote-1024x724.jpg\" alt=\"\" class=\"wp-image-2086\" srcset=\"https:\/\/bcu.opole.pl\/bcu1\/wp-content\/uploads\/sites\/3\/2026\/04\/Front-cover-Jak-dekarbonizowac-flote-980x693.jpg 980w, https:\/\/bcu.opole.pl\/bcu1\/wp-content\/uploads\/sites\/3\/2026\/04\/Front-cover-Jak-dekarbonizowac-flote-480x340.jpg 480w\" sizes=\"(min-width: 0px) and (max-width: 480px) 480px, (min-width: 481px) and (max-width: 980px) 980px, (min-width: 981px) 1024px, 100vw\" \/><figcaption class=\"wp-element-caption\">www.projektzero.com.pl<\/figcaption><\/figure>\n\n\n\n<p><\/p>\n\n\n\n<p>Dzisiaj przedstawi\u0119 informacj\u0119 na temat transportu ci\u0119\u017ckiego dlatego przypominam o raporcie Projektu ZERO by PIRE kt\u00f3ry w\u0142a\u015bnie traktuje na temat logistyki, spedycji i transportu. <\/p>\n\n\n\n<p>Volvo w swoim komunikacie prasowym informuje, \u017ce ich flagowa ci\u0119\u017car\u00f3wka elektryczna Volvo FH Aero zosta\u0142a udoskonalona i ma zasi\u0119g 700km, mo\u017cliwo\u015b\u0107 Mega Charging Station czyli \u0142adowania na stacjach o mocy 1 megawata, zmiana silnik\u00f3w na e-axel i wiele wi\u0119cej. <\/p>\n\n\n\n<p>Transport ci\u0119\u017cki wreszcie dor\u00f3s\u0142 do tego by po ostatnich problemach z paliwem przez wojn\u0119 w Zatoce Perskiej przej\u015b\u0107 na silniki elektryczne i to nie dla ekologii tylko dla ekonomii. Kiedy ceny paliwa przebijaj\u0105 kolejne granice to ceny energii dalej potrafi\u0105 by\u0107 zerowe lub ujemne. <\/p>\n\n\n\n<p><\/p>\n\n\n\n<p>A teraz przeczytajmy komunikat Volvo Press: <\/p>\n\n\n\n<p>&#8221; <strong>Volvo Trucks nieustannie przesuwa granice transportu samochodami ci\u0119\u017carowymi z nap\u0119dem elektrycznym. Wprowadzenie na rynek nowych samochod\u00f3w ci\u0119\u017carowych z nap\u0119dem elektrycznym o zwi\u0119kszonej wydajno\u015bci, elastyczno\u015bci i zasi\u0119gu do 700 km wyznacza nowy standard dla elektrycznych ci\u0119\u017car\u00f3wek o du\u017cej \u0142adowno\u015bci.<\/strong><\/p>\n\n\n\n<figure class=\"wp-block-image size-full\"><img loading=\"lazy\" decoding=\"async\" width=\"1024\" height=\"683\" src=\"https:\/\/bcu.opole.pl\/bcu1\/wp-content\/uploads\/sites\/3\/2026\/04\/volvo-truck-S7A7377.webp\" alt=\"\" class=\"wp-image-2087\" srcset=\"https:\/\/bcu.opole.pl\/bcu1\/wp-content\/uploads\/sites\/3\/2026\/04\/volvo-truck-S7A7377.webp 1024w, https:\/\/bcu.opole.pl\/bcu1\/wp-content\/uploads\/sites\/3\/2026\/04\/volvo-truck-S7A7377-980x654.webp 980w, https:\/\/bcu.opole.pl\/bcu1\/wp-content\/uploads\/sites\/3\/2026\/04\/volvo-truck-S7A7377-480x320.webp 480w\" sizes=\"(min-width: 0px) and (max-width: 480px) 480px, (min-width: 481px) and (max-width: 980px) 980px, (min-width: 981px) 1024px, 100vw\" \/><figcaption class=\"wp-element-caption\">Wprowadzenie na rynek nowych elektrycznych ci\u0119\u017car\u00f3wek o ulepszonych osi\u0105gach, elastyczno\u015bci i zasi\u0119gu do 700 km wyznacza nowy standard dla elektrycznych ci\u0119\u017car\u00f3wek o du\u017cej \u0142adowno\u015bci. fot. Volvo<\/figcaption><\/figure>\n\n\n\n<p>Volvo Trucks jest \u015bwiatowym liderem w segmencie pojazd\u00f3w elektrycznych, oferuj\u0105cym jedn\u0105 z najwi\u0119kszych linii pojazd\u00f3w elektrycznych w bran\u017cy. Firma mo\u017ce teraz og\u0142osi\u0107 kilka wa\u017cnych nowo\u015bci w segmencie pojazd\u00f3w elektrycznych:<br><br>Po pierwsze, nowy elektryczny samoch\u00f3d ci\u0119\u017carowy do transportu dalekobie\u017cnego, FH Aero Electric o zwi\u0119kszonym zasi\u0119gu, zdolny do przejechania do 700 km na jednym \u0142adowaniu* \u2013 prze\u0142om w segmencie ci\u0119\u017ckich pojazd\u00f3w elektrycznych i pokonywania naprawd\u0119 d\u0142ugich dystans\u00f3w.<br><br>Po drugie, nowe, ci\u0119\u017ckie samochody ci\u0119\u017carowe Volvo FH, FM i FMX Electric, charakteryzuj\u0105ce si\u0119 znaczn\u0105 popraw\u0105 elastyczno\u015bci, wydajno\u015bci i komfortu jazdy oraz zasi\u0119giem do 470 km*, co umo\u017cliwia przej\u015bcie na pojazdy elektryczne w celu realizacji jeszcze wi\u0119kszej liczby zada\u0144 transportowych.<br><br>\u201eNaprawd\u0119 udoskonalamy nasz\u0105 ofert\u0119. Poszerzamy j\u0105 i umo\u017cliwiamy wykorzystanie rozwi\u0105za\u0144 elektrycznych w jeszcze szerszym zakresie zada\u0144 transportowych, a tak\u017ce dodajemy najnowocze\u015bniejszy elektryczny samoch\u00f3d ci\u0119\u017carowy o zasi\u0119gu do 700 km. Oznacza to, \u017ce mo\u017cemy w pe\u0142ni sprosta\u0107 potrzebom biznesowym naszych klient\u00f3w. Wymiana samochod\u00f3w ci\u0119\u017carowych z silnikami wysokopr\u0119\u017cnymi na elektryczne nigdy nie by\u0142a \u0142atwiejsza\u201d \u2013 m\u00f3wi Roger Alm, prezes Volvo Trucks.<\/p>\n\n\n\n<p>\u201eJeste\u015bmy g\u0142\u0119boko przekonani, \u017ce pojazdy elektryczne b\u0119d\u0105 w przysz\u0142o\u015bci stanowi\u0107 znaczn\u0105 cz\u0119\u015b\u0107 \u015bwiatowego transportu ci\u0119\u017carowego. Bior\u0105c pod uwag\u0119 niesamowite osi\u0105gi wszystkich naszych nowych ci\u0119\u017car\u00f3wek, \u0142atwo zrozumie\u0107, dlaczego\u201d.<\/p>\n\n\n\n<p><strong><br>Ci\u0119\u017car\u00f3wka dalekobie\u017cna \u2013 zasi\u0119g do 700 km, \u0142adowanie megawatowe i du\u017ca \u0142adowno\u015b\u0107.<br><\/strong>Nowy samoch\u00f3d ci\u0119\u017carowy dalekobie\u017cny, Volvo FH Aero Electric o zwi\u0119kszonym zasi\u0119gu, mo\u017ce przejecha\u0107 do 700 km na jednym \u0142adowaniu dzi\u0119ki nowej technologii uk\u0142adu nap\u0119dowego \u2013 osi elektrycznej (e-axle), kt\u00f3ra pozwala na zamontowanie znacznie wi\u0119kszej pojemno\u015bci akumulator\u00f3w. Ci\u0119\u017car\u00f3wka jest dostosowana do nowego standardu MCS (Megawatt Charging System), a na\u0142adowanie 8 akumulator\u00f3w od 20% do 80% zajmie oko\u0142o 50 minut. Oznacza to, \u017ce \u0142adowanie mo\u017ce odbywa\u0107 si\u0119 w ramach ustawowego czasu odpoczynku kierowc\u00f3w ci\u0119\u017car\u00f3wek w UE, co przyczynia si\u0119 do wysokiej wydajno\u015bci.<\/p>\n\n\n\n<p><br>\u201eTa elektryczna ci\u0119\u017car\u00f3wka dalekobie\u017cna jest najlepsza w bran\u017cy. Oferuje wyj\u0105tkowy zasi\u0119g w po\u0142\u0105czeniu z du\u017c\u0105 \u0142adowno\u015bci\u0105, szybkim \u0142adowaniem i doskona\u0142ym komfortem jazdy. Dzi\u0119ki tej ci\u0119\u017car\u00f3wce nasi klienci mog\u0105 pokonywa\u0107 naprawd\u0119 d\u0142ugie dystanse i przez ca\u0142y dzie\u0144 roboczy z tak\u0105 sam\u0105 wydajno\u015bci\u0105 jak ci\u0119\u017car\u00f3wki z silnikiem Diesla\u201d \u2014 m\u00f3wi Roger Alm.<br><strong><br><br>Nowe ci\u0119\u017car\u00f3wki FH, FM, FMX \u2014 zasi\u0119g do 470 km, zupe\u0142nie nowy, wszechstronny uk\u0142ad nap\u0119dowy i doskona\u0142e w\u0142a\u015bciwo\u015bci jezdne<br><\/strong>Nowe ci\u0119\u017car\u00f3wki elektryczne FH, FM i FMX maj\u0105 zupe\u0142nie nowy uk\u0142ad nap\u0119dowy zaprojektowany z my\u015bl\u0105 o maksymalnej elastyczno\u015bci w r\u00f3\u017cnych zastosowaniach. Oferuje on doskona\u0142e w\u0142a\u015bciwo\u015bci jezdne i zosta\u0142 zaprojektowany tak, aby kierowca m\u00f3g\u0142 prowadzi\u0107 ci\u0119\u017car\u00f3wk\u0119 i zasila\u0107 urz\u0105dzenia pomocnicze, takie jak betoniarka, hakowiec lub \u015bmieciarka, bez dodatkowych silnik\u00f3w lub podzespo\u0142\u00f3w. Jest to mo\u017cliwe dzi\u0119ki zintegrowanemu wa\u0142kowi odbioru mocy (WOM) skrzyni bieg\u00f3w o zwi\u0119kszonej funkcjonalno\u015bci, umo\u017cliwiaj\u0105cemu korzystanie z niego podczas jazdy. Ci\u0119\u017car\u00f3wki b\u0119d\u0105 mia\u0142y zasi\u0119g do 470 km i mo\u017cna je na\u0142adowa\u0107 od 20% do 80% w oko\u0142o 65 minut.<\/p>\n\n\n\n<p><br>\u201eNast\u0119pnej generacji modele FH, FM i FMX Electric s\u0105 wyposa\u017cone w nowe, inteligentne funkcje, zapewniaj\u0105 kierowcy wysoki komfort i umo\u017cliwiaj\u0105 bezemisyjny transport w bardzo szerokim zakresie zada\u0144 transportowych\u201d \u2014 m\u00f3wi Roger Alm.<br>&nbsp;<\/p>\n\n\n\n<p><strong>P\u0142ynna zmiana bieg\u00f3w we wszystkich ci\u0119\u017car\u00f3wkach<\/strong><br>Wszystkie nowe ci\u0119\u017car\u00f3wki \u2014 nowe Volvo FH, FM i FMX Electric oraz FH Aero Electric o zwi\u0119kszonym zasi\u0119gu \u2014 s\u0105 wyposa\u017cone w skrzyni\u0119 bieg\u00f3w zoptymalizowan\u0105 pod k\u0105tem przek\u0142adni elektrycznej, po\u0142\u0105czon\u0105 z dwoma silnikami, aby zapewni\u0107 p\u0142ynniejsz\u0105 i bardziej kontrolowan\u0105 prac\u0119. Nowe skrzynie bieg\u00f3w Powershift, o\u015bmiobiegowa w nowych Volvo FH, FM i FMX Electric oraz sze\u015bciobiegowa w FH Aero Electric o zwi\u0119kszonym zasi\u0119gu, zapewniaj\u0105 p\u0142ynn\u0105 zmian\u0119 bieg\u00f3w, a tak\u017ce wytwarzaj\u0105 mniej ha\u0142asu i wibracji, co przek\u0142ada si\u0119 na wygodniejszy dzie\u0144 pracy.<br><br>Nowe ci\u0119\u017car\u00f3wki b\u0119d\u0105 wprowadzane na rynki stopniowo, pocz\u0105wszy od 2026 r.<br><em><br>*Zasi\u0119g zale\u017cy od warunk\u00f3w zewn\u0119trznych, takich jak pogoda i op\u00f3r wiatru, a tak\u017ce innych czynnik\u00f3w, takich jak ca\u0142kowita masa ci\u0119\u017car\u00f3wki i wydajno\u015b\u0107 kierowcy.<\/em><\/p>\n\n\n\n<p><strong>Fakty:<\/strong><\/p>\n\n\n\n<p><strong>Volvo FH Aero Electric o zwi\u0119kszonym zasi\u0119gu<\/strong><\/p>\n\n\n\n<p><strong>Przeznaczenie:<\/strong>&nbsp;Transport d\u0142ugodystansowy i mi\u0119dzymiastowy, ponad 700 km pokonywane w ci\u0105gu jednego dnia.<br><strong>G\u0142\u00f3wna cecha:<\/strong>&nbsp;Kompaktowa o\u015b elektryczna integruj\u0105ca dwa silniki elektryczne i sze\u015bciobiegow\u0105 skrzyni\u0119 bieg\u00f3w w tylnej osi, zwalniaj\u0105ca przestrze\u0144 podwozia na wi\u0119cej akumulator\u00f3w. Moc wyj\u015bciowa do 460 kW (623 KM). Wi\u0119cej u\u017cytecznej energii na pok\u0142adzie i szybsze tempo \u0142adowania, idealne na trasach mi\u0119dzy w\u0119z\u0142ami i w systemie dwuzmianowym.<br><strong>Ca\u0142kowita pojemno\u015b\u0107:<\/strong>&nbsp;Do 48 ton GCW (masa ca\u0142kowita zestawu). Elastyczna konfiguracja akumulator\u00f3w w celu optymalizacji r\u00f3wnowagi mi\u0119dzy zasi\u0119giem a \u0142adowno\u015bci\u0105. \u0141adowno\u015b\u0107 do 28 ton.<br><strong>Zasi\u0119g:<\/strong>&nbsp;Do 700 km na jednym \u0142adowaniu*<br><strong>\u0141adowanie:<\/strong>&nbsp;700 kW MCS (megawat\u00f3w) 20-80% w oko\u0142o 50 minut | 350 kW CCS (system \u0142adowania \u0142\u0105czonego) 20-80% w oko\u0142o 85 minut.<br><strong>Specjalna funkcja:<\/strong>&nbsp;Elektryczny wa\u0142ek odbioru mocy dla agregat\u00f3w ch\u0142odniczych eliminuj\u0105cy potrzeb\u0119 oddzielnego generatora diesla.<\/p>\n\n\n\n<p><strong>Volvo FH, FM i FMX Electric \u2013 nast\u0119pna generacja<\/strong><\/p>\n\n\n\n<p><strong>Przeznaczenie:<\/strong>&nbsp;Budownictwo drogowe, dystrybucja regionalna, logistyka miejska, us\u0142ugi komunalne, wyw\u00f3z \u015bmieci i ci\u0119\u017ckie zastosowania specjalne.<br><strong>G\u0142\u00f3wna cecha:<\/strong>&nbsp;Nowy uk\u0142ad nap\u0119dowy z dwoma silnikami i specjalnie zaprojektowan\u0105 skrzyni\u0105 bieg\u00f3w z o\u015bmioma biegami, aby zmaksymalizowa\u0107 moment obrotowy elektryczny. Moc wyj\u015bciowa do 540 kW (731 KM).<br><strong>Elastyczno\u015b\u0107:<\/strong>&nbsp;Zbudowany do ci\u0119\u017cszych \u0142adunk\u00f3w i wymagaj\u0105cej topografii; mo\u017ce by\u0107 wyposa\u017cony w dwie osie nap\u0119dowe i niskie prze\u0142o\u017cenia dla maksymalnej elastyczno\u015bci.<br><strong>Zasi\u0119g:<\/strong>&nbsp;Do 470 km na jednym \u0142adowaniu*<br><strong>Pojemno\u015b\u0107 ca\u0142kowita:<\/strong>&nbsp;Do 65 ton GCW (masa ca\u0142kowita zestawu). Elastyczna konfiguracja akumulatora w celu optymalizacji r\u00f3wnowagi mi\u0119dzy zasi\u0119giem a \u0142adowno\u015bci\u0105. \u0141adowno\u015b\u0107 do 23,8 tony (ci\u0105gnik 4&#215;2).<br><strong>\u0141adowanie:<\/strong>&nbsp;350 kW CCS (system \u0142adowania \u0142\u0105czonego) 20-80% w oko\u0142o 65 minut.<br><strong>Specjalne mo\u017cliwo\u015bci:<\/strong>&nbsp;Wiele konfiguracji z kilkoma rozwi\u0105zaniami odbioru mocy \u2013 silniki dzielone lub wyj\u015bcie podw\u00f3jnego silnika do d\u017awig\u00f3w, hakowc\u00f3w lub zabud\u00f3w wywrotek. Ci\u0119\u017car\u00f3wka i zabudowa mog\u0105 by\u0107 obs\u0142ugiwane jednocze\u015bnie.<\/p>\n\n\n\n<p><strong>W kierunku transportu wolnego od paliw kopalnych<\/strong><br>Volvo Trucks nap\u0119dza transformacj\u0119 w kierunku transportu wolnego od paliw kopalnych, aby osi\u0105gn\u0105\u0107 cel zerowej emisji netto do 2040 r. Wykorzystuj\u0105c tr\u00f3j\u015bcie\u017ckow\u0105 strategi\u0119 technologiczn\u0105 opart\u0105 na silnikach elektrycznych zasilanych akumulatorami, elektrycznych ogniwach paliwowych i silnikach spalinowych, kt\u00f3re dzia\u0142aj\u0105 na paliwach odnawialnych, takich jak zielony wod\u00f3r, biogaz, biodiesel lub HVO (hydrorafinowany olej ro\u015blinny).&#8221; \u017ar\u00f3d\u0142o: <a href=\"https:\/\/www.volvotrucks.com\/en-en\/news-stories\/press-releases\/2026\/apr\/volvo-launches-new-electric-trucks---with-ranges-up-to-700-km.html\">https:\/\/www.volvotrucks.com\/en-en\/news-stories\/press-releases\/2026\/apr\/volvo-launches-new-electric-trucks&#8212;with-ranges-up-to-700-km.html<\/a><\/p>\n\n\n\n<p><\/p>\n\n\n\n<p>I teraz jak my\u015blicie- czy wielki op\u00f3r przed samochodami ci\u0119\u017ckimi elektrycznymi wreszcie zacznie si\u0119 kruszy\u0107? Mnie si\u0119 zdaje, \u017ce tak. <\/p>\n","protected":false},"excerpt":{"rendered":"<p>Volvo wprowadza na rynek nowe ci\u0119\u017car\u00f3wki elektryczne \u2013 o zasi\u0119gu do 700 km A teraz w ramach projektu ZERO by PIRE Dzisiaj przedstawi\u0119 informacj\u0119 na temat transportu ci\u0119\u017ckiego dlatego przypominam o raporcie Projektu ZERO by PIRE kt\u00f3ry w\u0142a\u015bnie traktuje na temat logistyki, spedycji i transportu. Volvo w swoim komunikacie prasowym informuje, \u017ce ich flagowa ci\u0119\u017car\u00f3wka [&hellip;]<\/p>\n","protected":false},"author":19,"featured_media":2087,"comment_status":"closed","ping_status":"closed","sticky":false,"template":"","format":"standard","meta":{"_et_pb_use_builder":"","_et_pb_old_content":"","_et_gb_content_width":"","footnotes":""},"categories":[1],"tags":[],"class_list":["post-2085","post","type-post","status-publish","format-standard","has-post-thumbnail","hentry","category-bez-kategorii"],"aioseo_notices":[],"_links":{"self":[{"href":"https:\/\/bcu.opole.pl\/bcu1\/wp-json\/wp\/v2\/posts\/2085","targetHints":{"allow":["GET"]}}],"collection":[{"href":"https:\/\/bcu.opole.pl\/bcu1\/wp-json\/wp\/v2\/posts"}],"about":[{"href":"https:\/\/bcu.opole.pl\/bcu1\/wp-json\/wp\/v2\/types\/post"}],"author":[{"embeddable":true,"href":"https:\/\/bcu.opole.pl\/bcu1\/wp-json\/wp\/v2\/users\/19"}],"replies":[{"embeddable":true,"href":"https:\/\/bcu.opole.pl\/bcu1\/wp-json\/wp\/v2\/comments?post=2085"}],"version-history":[{"count":1,"href":"https:\/\/bcu.opole.pl\/bcu1\/wp-json\/wp\/v2\/posts\/2085\/revisions"}],"predecessor-version":[{"id":2088,"href":"https:\/\/bcu.opole.pl\/bcu1\/wp-json\/wp\/v2\/posts\/2085\/revisions\/2088"}],"wp:featuredmedia":[{"embeddable":true,"href":"https:\/\/bcu.opole.pl\/bcu1\/wp-json\/wp\/v2\/media\/2087"}],"wp:attachment":[{"href":"https:\/\/bcu.opole.pl\/bcu1\/wp-json\/wp\/v2\/media?parent=2085"}],"wp:term":[{"taxonomy":"category","embeddable":true,"href":"https:\/\/bcu.opole.pl\/bcu1\/wp-json\/wp\/v2\/categories?post=2085"},{"taxonomy":"post_tag","embeddable":true,"href":"https:\/\/bcu.opole.pl\/bcu1\/wp-json\/wp\/v2\/tags?post=2085"}],"curies":[{"name":"wp","href":"https:\/\/api.w.org\/{rel}","templated":true}]}}