{"id":2075,"date":"2026-04-13T11:43:35","date_gmt":"2026-04-13T09:43:35","guid":{"rendered":"https:\/\/bcu.opole.pl\/bcu1\/?p=2075"},"modified":"2026-04-13T11:43:36","modified_gmt":"2026-04-13T09:43:36","slug":"elektryczne-ciagniki-wjezdzaja-do-polskiej-wsi","status":"publish","type":"post","link":"https:\/\/bcu.opole.pl\/bcu1\/2026\/04\/13\/elektryczne-ciagniki-wjezdzaja-do-polskiej-wsi\/","title":{"rendered":"Elektryczne ci\u0105gniki wje\u017cd\u017caj\u0105 do Polskiej wsi"},"content":{"rendered":"\n<p><\/p>\n\n\n\n<h2 class=\"wp-block-heading\">Elektryczne ci\u0105gniki wje\u017cd\u017caj\u0105 do Polskiej wsi<\/h2>\n\n\n<div class=\"wp-block-post-author-name\">piotrczerwonka<\/div>\n\n\n<p><\/p>\n\n\n\n<p>NIe raz i nie dwa pisa\u0142em o tym, \u017ce Polska wie\u015b tak cz\u0119sto uwa\u017cana (nies\u0142usznie!) za za\u015bcianek okazuje si\u0119 by\u0107 daleko przed miastem w zmianach technologicznych. <\/p>\n\n\n\n<p>Wymieni\u0107 nale\u017cy, \u017ce to na wsiach jest wi\u0119cej fotowoltaiki, magazyn\u00f3w energii, a nawet \u0142adowarek do EV. Czemu? <\/p>\n\n\n\n<figure class=\"wp-block-image size-full\"><img loading=\"lazy\" decoding=\"async\" width=\"735\" height=\"543\" src=\"https:\/\/bcu.opole.pl\/bcu1\/wp-content\/uploads\/sites\/3\/2026\/04\/66c72da31987d812e57371d7_1724329380_web_pl-PL.png\" alt=\"\" class=\"wp-image-2076\" srcset=\"https:\/\/bcu.opole.pl\/bcu1\/wp-content\/uploads\/sites\/3\/2026\/04\/66c72da31987d812e57371d7_1724329380_web_pl-PL.png 735w, https:\/\/bcu.opole.pl\/bcu1\/wp-content\/uploads\/sites\/3\/2026\/04\/66c72da31987d812e57371d7_1724329380_web_pl-PL-480x355.png 480w\" sizes=\"(min-width: 0px) and (max-width: 480px) 480px, (min-width: 481px) 735px, 100vw\" \/><figcaption class=\"wp-element-caption\">Fendt e107 Vario. fot. Fendt<\/figcaption><\/figure>\n\n\n\n<p>Bo pojazdy elektryczne to ju\u017c norma na wsi od dobrych kilku lat &#8211; elektryczne kombajny, \u017cniwiarki, platformy do zbioru jab\u0142ek i wiele wiele wi\u0119cej. O samochodach elektrycznych nikt jeszcze nie s\u0142ysza\u0142 a polski Melex by\u0142 szeroko wykorzystywany w rolnictwie i ogrodnictwie. Dlatego najnowszy news z portalu farmer.pl jest tylko kontynuacj\u0105 nie rewolucji a konsekwentnej zmiany na polskiej wsi. <\/p>\n\n\n\n<p>Jak czytamy na portalu do Przasnysza przyjecha\u0142 pierwszy elektryczny ci\u0105gnik Fendt e107 Vario z turem ( czyli z podno\u015bnikiem czo\u0142owym). <\/p>\n\n\n\n<p>Z racji tego \u017ce redaktor Kamil Paw\u0142owski z redakcji farmer.pl napisa\u0142 wyczerpuj\u0105cy tekst (znaczy d\u0142ugi) to tym razem zamieszczam link do artyku\u0142u i bardzo zapraszam do jego przeczytania do ko\u0144ca. <\/p>\n\n\n\n<p>To nie jest przysz\u0142o\u015b\u0107 rolnictwa- to ju\u017c tera\u017aniejszo\u015b\u0107 kt\u00f3ra wesz\u0142a w spos\u00f3b naturalny pod &#8222;strzechy&#8221;. <br><\/p>\n\n\n\n<p>\u017ar\u00f3d\u0142o:<a href=\"https:\/\/www.farmer.pl\/technika-rolnicza\/maszyny-rolnicze\/pierwszy-elektryczny-ciagnik-w-polsce-sprzedany-bedzie-pracowal-w-przasnyszu,175442.html\"> https:\/\/www.farmer.pl\/technika-rolnicza\/maszyny-rolnicze\/pierwszy-elektryczny-ciagnik-w-polsce-sprzedany-bedzie-pracowal-w-przasnyszu,175442.html<\/a><\/p>\n","protected":false},"excerpt":{"rendered":"<p>Elektryczne ci\u0105gniki wje\u017cd\u017caj\u0105 do Polskiej wsi NIe raz i nie dwa pisa\u0142em o tym, \u017ce Polska wie\u015b tak cz\u0119sto uwa\u017cana (nies\u0142usznie!) za za\u015bcianek okazuje si\u0119 by\u0107 daleko przed miastem w zmianach technologicznych. Wymieni\u0107 nale\u017cy, \u017ce to na wsiach jest wi\u0119cej fotowoltaiki, magazyn\u00f3w energii, a nawet \u0142adowarek do EV. Czemu? Bo pojazdy elektryczne to ju\u017c norma [&hellip;]<\/p>\n","protected":false},"author":19,"featured_media":2076,"comment_status":"closed","ping_status":"closed","sticky":false,"template":"","format":"standard","meta":{"_et_pb_use_builder":"","_et_pb_old_content":"","_et_gb_content_width":"","footnotes":""},"categories":[1],"tags":[],"class_list":["post-2075","post","type-post","status-publish","format-standard","has-post-thumbnail","hentry","category-bez-kategorii"],"aioseo_notices":[],"_links":{"self":[{"href":"https:\/\/bcu.opole.pl\/bcu1\/wp-json\/wp\/v2\/posts\/2075","targetHints":{"allow":["GET"]}}],"collection":[{"href":"https:\/\/bcu.opole.pl\/bcu1\/wp-json\/wp\/v2\/posts"}],"about":[{"href":"https:\/\/bcu.opole.pl\/bcu1\/wp-json\/wp\/v2\/types\/post"}],"author":[{"embeddable":true,"href":"https:\/\/bcu.opole.pl\/bcu1\/wp-json\/wp\/v2\/users\/19"}],"replies":[{"embeddable":true,"href":"https:\/\/bcu.opole.pl\/bcu1\/wp-json\/wp\/v2\/comments?post=2075"}],"version-history":[{"count":1,"href":"https:\/\/bcu.opole.pl\/bcu1\/wp-json\/wp\/v2\/posts\/2075\/revisions"}],"predecessor-version":[{"id":2077,"href":"https:\/\/bcu.opole.pl\/bcu1\/wp-json\/wp\/v2\/posts\/2075\/revisions\/2077"}],"wp:featuredmedia":[{"embeddable":true,"href":"https:\/\/bcu.opole.pl\/bcu1\/wp-json\/wp\/v2\/media\/2076"}],"wp:attachment":[{"href":"https:\/\/bcu.opole.pl\/bcu1\/wp-json\/wp\/v2\/media?parent=2075"}],"wp:term":[{"taxonomy":"category","embeddable":true,"href":"https:\/\/bcu.opole.pl\/bcu1\/wp-json\/wp\/v2\/categories?post=2075"},{"taxonomy":"post_tag","embeddable":true,"href":"https:\/\/bcu.opole.pl\/bcu1\/wp-json\/wp\/v2\/tags?post=2075"}],"curies":[{"name":"wp","href":"https:\/\/api.w.org\/{rel}","templated":true}]}}