{"id":2069,"date":"2026-04-09T18:09:26","date_gmt":"2026-04-09T16:09:26","guid":{"rendered":"https:\/\/bcu.opole.pl\/bcu1\/?p=2069"},"modified":"2026-04-09T18:09:28","modified_gmt":"2026-04-09T16:09:28","slug":"intel-podejmuje-wspolprace-z-tesla","status":"publish","type":"post","link":"https:\/\/bcu.opole.pl\/bcu1\/2026\/04\/09\/intel-podejmuje-wspolprace-z-tesla\/","title":{"rendered":"Intel podejmuje wsp\u00f3\u0142prac\u0119 z Tesla"},"content":{"rendered":"\n<h2 class=\"wp-block-heading\">Intel podejmuje wsp\u00f3\u0142prac\u0119 z Tesla<\/h2>\n\n\n<div class=\"wp-block-post-author-name\">piotrczerwonka<\/div>\n\n\n<p>Ostatnio niewiele si\u0119 dzieje w sektorze a to przez nic innego jak \u015awi\u0119ta. \u015awiat dopiero powoli wraca do \u017cycia i m.in mamy informacj\u0119 z electrive.com kt\u00f3ry donosi o wsp\u00f3\u0142pracy dw\u00f3ch gigant\u00f3w czyli Intela i Tesli. <\/p>\n\n\n\n<p>Intel kt\u00f3ry jak pewnie wiecie ma powa\u017cne problemy ze swoimi procesorami i odda\u0142 troch\u0119 pola dla AMD szuka swojej niszy. St\u0105d wej\u015bcie w egzotyczny jak dla nich sojusz z Tesl\u0105 i Elonem Muskiem. <\/p>\n\n\n\n<p>Zapraszam do lektury poni\u017cszego artyku\u0142u i warto zauwa\u017cy\u0107- nawet najwi\u0119ksza firma jest tak mocna jak ostatni jej kryzys &#8211; Intel pokaza\u0142, \u017ce tym razem jeszcze jest mocna ale czy kolejny kryzys przejdzie obok nich? A tego nie wiadomo.  <\/p>\n\n\n\n<p>&#8222;Projekt\u00a0Terafab, og\u0142oszony w marcu,\u00a0to przedsi\u0119wzi\u0119cie na wi\u0119ksz\u0105 skal\u0119 ni\u017c jakakolwiek dotychczasowa fabryka uk\u0142ad\u00f3w scalonych. Warto\u015b\u0107 projektu, szacowana na 20\u201325 miliard\u00f3w dolar\u00f3w, zak\u0142ada produkcj\u0119 uk\u0142ad\u00f3w o \u0142\u0105cznej mocy obliczeniowej jednego terafata rocznie. Jeden z zak\u0142ad\u00f3w b\u0119dzie produkowa\u0107 p\u00f3\u0142przewodniki dla systemu Full Self-Driving Tesli i\u00a0programu robotaxi Cybercab\u00a0, a tak\u017ce dla robot\u00f3w humanoidalnych, podczas gdy drugi b\u0119dzie dostarcza\u0142 uk\u0142ady scalone dla kosmicznych centr\u00f3w danych sztucznej inteligencji. Zak\u0142ad zintegruje wszystkie etapy produkcji p\u00f3\u0142przewodnik\u00f3w pod jednym dachem: projektowanie uk\u0142ad\u00f3w scalonych, litografi\u0119, produkcj\u0119, produkcj\u0119 pami\u0119ci, zaawansowane pakowanie i testowanie.<\/p>\n\n\n\n<figure class=\"wp-block-image size-full\"><img loading=\"lazy\" decoding=\"async\" width=\"795\" height=\"530\" src=\"https:\/\/bcu.opole.pl\/bcu1\/wp-content\/uploads\/sites\/3\/2026\/04\/lip-bu-tan-und-elon-musk-ceos-intel-und-tesla.jpeg\" alt=\"\" class=\"wp-image-2070\" srcset=\"https:\/\/bcu.opole.pl\/bcu1\/wp-content\/uploads\/sites\/3\/2026\/04\/lip-bu-tan-und-elon-musk-ceos-intel-und-tesla.jpeg 795w, https:\/\/bcu.opole.pl\/bcu1\/wp-content\/uploads\/sites\/3\/2026\/04\/lip-bu-tan-und-elon-musk-ceos-intel-und-tesla-480x320.jpeg 480w\" sizes=\"(min-width: 0px) and (max-width: 480px) 480px, (min-width: 481px) 795px, 100vw\" \/><figcaption class=\"wp-element-caption\">Intel CEO Lip-Bun Tan z Elonem Muskiem, fot. Intel<\/figcaption><\/figure>\n\n\n\n<p>Dla por\u00f3wnania: ca\u0142e Stany Zjednoczone produkuj\u0105 obecnie oko\u0142o p\u00f3\u0142 terawata chip\u00f3w rocznie. Co wi\u0119cej, cel Muska odpowiada oko\u0142o 70% ca\u0142kowitej obecnej globalnej produkcji TSMC, najwi\u0119kszego producenta chip\u00f3w na \u015bwiecie. Co wi\u0119cej, konsolidacja wszystkich etap\u00f3w produkcji w jednym miejscu jest wysoce nietypowa.<\/p>\n\n\n\n<p>Projekt Terafab jest zatem niezwykle ambitny. Od momentu jego og\u0142oszenia eksperci zastanawiali si\u0119, jak Tesla i jej partnerzy planuj\u0105 uruchomi\u0107 dwie fabryki bez znacz\u0105cej wiedzy specjalistycznej w zakresie produkcji chip\u00f3w. Odpowied\u017a jest jasna: firmy Muska nie zamierzaj\u0105 tego robi\u0107 same, ale anga\u017cuj\u0105 Intela.<\/p>\n\n\n\n<p>Firma Intel ze swojej strony z przekonaniem przyst\u0119puje do partnerstwa, opisuj\u0105c swoj\u0105 rol\u0119 nast\u0119puj\u0105co: \u201eNasze umiej\u0119tno\u015bci projektowania, wytwarzania i pakowania ultrawydajnych uk\u0142ad\u00f3w scalonych na du\u017c\u0105 skal\u0119 pomog\u0105 firmie Terafab w osi\u0105gni\u0119ciu celu, jakim jest produkcja 1 TW mocy obliczeniowej rocznie\u201d.<\/p>\n\n\n\n<p>Sojusz z Tesl\u0105 i jej partnerami mo\u017ce okaza\u0107 si\u0119 prze\u0142omowy dla Intela. By\u0142y lider rynku produkcji chip\u00f3w, kt\u00f3ry zosta\u0142 ju\u017c wyprzedzony przez firm\u0119 specjalizuj\u0105c\u0105 si\u0119 w sztucznej inteligencji, Nvidi\u0119, oraz tajwa\u0144skiego producenta kontraktowego TSMC, d\u0105\u017cy do odnowy \u2013 a ta umowa mo\u017ce pom\u00f3c mu ponownie nadrobi\u0107 zaleg\u0142o\u015bci w stosunku do TSMC i Nvidii.<\/p>\n\n\n\n<p>Wed\u0142ug portalu&nbsp;<em>Electrek<\/em>&nbsp;, Terafab mia\u0142by by\u0107 dok\u0142adnie takim klientem, jakiego Intel szuka\u0142 dla swojego stosunkowo nowego oddzia\u0142u Intel Foundry, jednostki zajmuj\u0105cej si\u0119 produkcj\u0105 kontraktow\u0105, kt\u00f3ra wynios\u0142a TSMC na szczyt.<\/p>\n\n\n\n<p>Prezes Intela, Lip-Bu Tan, jest bardzo optymistycznie nastawiony do przedsi\u0119wzi\u0119cia Elona Muska, stwierdzaj\u0105c: \u201eElon ma udokumentowane do\u015bwiadczenie w przekszta\u0142caniu ca\u0142ych bran\u017c. W\u0142a\u015bnie tego potrzeba dzi\u015b w produkcji p\u00f3\u0142przewodnik\u00f3w\u201d. \u017ar\u00f3d\u0142o: https:\/\/www.electrive.com\/2026\/04\/08\/intel-joins-tesla-co-s-terafab-project\/<\/p>\n","protected":false},"excerpt":{"rendered":"<p>Intel podejmuje wsp\u00f3\u0142prac\u0119 z Tesla Ostatnio niewiele si\u0119 dzieje w sektorze a to przez nic innego jak \u015awi\u0119ta. \u015awiat dopiero powoli wraca do \u017cycia i m.in mamy informacj\u0119 z electrive.com kt\u00f3ry donosi o wsp\u00f3\u0142pracy dw\u00f3ch gigant\u00f3w czyli Intela i Tesli. Intel kt\u00f3ry jak pewnie wiecie ma powa\u017cne problemy ze swoimi procesorami i odda\u0142 troch\u0119 pola [&hellip;]<\/p>\n","protected":false},"author":19,"featured_media":2070,"comment_status":"closed","ping_status":"closed","sticky":false,"template":"","format":"standard","meta":{"_et_pb_use_builder":"","_et_pb_old_content":"","_et_gb_content_width":"","footnotes":""},"categories":[1],"tags":[],"class_list":["post-2069","post","type-post","status-publish","format-standard","has-post-thumbnail","hentry","category-bez-kategorii"],"aioseo_notices":[],"_links":{"self":[{"href":"https:\/\/bcu.opole.pl\/bcu1\/wp-json\/wp\/v2\/posts\/2069","targetHints":{"allow":["GET"]}}],"collection":[{"href":"https:\/\/bcu.opole.pl\/bcu1\/wp-json\/wp\/v2\/posts"}],"about":[{"href":"https:\/\/bcu.opole.pl\/bcu1\/wp-json\/wp\/v2\/types\/post"}],"author":[{"embeddable":true,"href":"https:\/\/bcu.opole.pl\/bcu1\/wp-json\/wp\/v2\/users\/19"}],"replies":[{"embeddable":true,"href":"https:\/\/bcu.opole.pl\/bcu1\/wp-json\/wp\/v2\/comments?post=2069"}],"version-history":[{"count":1,"href":"https:\/\/bcu.opole.pl\/bcu1\/wp-json\/wp\/v2\/posts\/2069\/revisions"}],"predecessor-version":[{"id":2071,"href":"https:\/\/bcu.opole.pl\/bcu1\/wp-json\/wp\/v2\/posts\/2069\/revisions\/2071"}],"wp:featuredmedia":[{"embeddable":true,"href":"https:\/\/bcu.opole.pl\/bcu1\/wp-json\/wp\/v2\/media\/2070"}],"wp:attachment":[{"href":"https:\/\/bcu.opole.pl\/bcu1\/wp-json\/wp\/v2\/media?parent=2069"}],"wp:term":[{"taxonomy":"category","embeddable":true,"href":"https:\/\/bcu.opole.pl\/bcu1\/wp-json\/wp\/v2\/categories?post=2069"},{"taxonomy":"post_tag","embeddable":true,"href":"https:\/\/bcu.opole.pl\/bcu1\/wp-json\/wp\/v2\/tags?post=2069"}],"curies":[{"name":"wp","href":"https:\/\/api.w.org\/{rel}","templated":true}]}}