{"id":1752,"date":"2026-02-17T10:19:26","date_gmt":"2026-02-17T09:19:26","guid":{"rendered":"https:\/\/bcu.opole.pl\/bcu1\/?p=1752"},"modified":"2026-02-17T10:19:27","modified_gmt":"2026-02-17T09:19:27","slug":"dhl-otwiera-nowoczesne-centrum-elektromobilnosci","status":"publish","type":"post","link":"https:\/\/bcu.opole.pl\/bcu1\/2026\/02\/17\/dhl-otwiera-nowoczesne-centrum-elektromobilnosci\/","title":{"rendered":"DHL otwiera nowoczesne centrum elektromobilno\u015bci"},"content":{"rendered":"\n<h2 class=\"wp-block-heading\">DHL otwiera Centrum Doskona\u0142o\u015bci Pojazd\u00f3w Elektrycznych na S\u0142owacji<\/h2>\n\n\n<div class=\"wp-block-post-author-name\">piotrczerwonka<\/div>\n\n\n<p><\/p>\n\n\n\n<p>Nawet najwi\u0119ksze firmy zauwa\u017caj\u0105 zmiany zachodz\u0105ce w gospodarce- tak\u017ce w przesy\u0142kach czy obs\u0142udze kurierskiej. <\/p>\n\n\n\n<p>Jak podaje portal pressportal.de &#8211; DHL jedna z najwi\u0119kszych firm typu parcel otwiera kolejne centrum elektromobilno\u015bci. <\/p>\n\n\n\n<p>zobaczmy co donosi portal a potem zastanowimy si\u0119 co to m\u00f3wi dla nas- os\u00f3b zainteresowanych tym sektorem: <\/p>\n\n\n\n<p>&#8221; <strong>DHL otwiera \u201eCentrum Doskona\u0142o\u015bci Pojazd\u00f3w Elektrycznych\u201d na S\u0142owacji<\/strong><\/p>\n\n\n\n<figure class=\"wp-block-image size-large\"><img loading=\"lazy\" decoding=\"async\" width=\"1024\" height=\"684\" src=\"https:\/\/bcu.opole.pl\/bcu1\/wp-content\/uploads\/sites\/3\/2026\/02\/DHL-Supply-Chain-Automotive.jpeg-1024x684.jpg\" alt=\"\" class=\"wp-image-1753\" srcset=\"https:\/\/bcu.opole.pl\/bcu1\/wp-content\/uploads\/sites\/3\/2026\/02\/DHL-Supply-Chain-Automotive.jpeg-1024x684.jpg 1024w, https:\/\/bcu.opole.pl\/bcu1\/wp-content\/uploads\/sites\/3\/2026\/02\/DHL-Supply-Chain-Automotive.jpeg-980x654.jpg 980w, https:\/\/bcu.opole.pl\/bcu1\/wp-content\/uploads\/sites\/3\/2026\/02\/DHL-Supply-Chain-Automotive.jpeg-480x320.jpg 480w\" sizes=\"(min-width: 0px) and (max-width: 480px) 480px, (min-width: 481px) and (max-width: 980px) 980px, (min-width: 981px) 1024px, 100vw\" \/><figcaption class=\"wp-element-caption\">fot.DHL<\/figcaption><\/figure>\n\n\n\n<ul class=\"wp-block-list\">\n<li>DHL Supply Chain otwiera pierwsze Centrum Doskona\u0142o\u015bci Pojazd\u00f3w Elektrycznych w Europie \u015arodkowej<\/li>\n\n\n\n<li>Globalna sie\u0107 mobilno\u015bci samochodowej DHL stale si\u0119 rozrasta \u2013 obejmuje ona obecnie 20 Centr\u00f3w Doskona\u0142o\u015bci Pojazd\u00f3w Elektrycznych na ca\u0142ym \u015bwiecie i ponad 200 ekspert\u00f3w w dziedzinie elektryfikacji, kt\u00f3rzy wdra\u017caj\u0105 innowacje w zakresie logistyki akumulator\u00f3w.<\/li>\n<\/ul>\n\n\n\n<p><strong>Senec, 12 lutego 2026 r.<\/strong>&nbsp;\u2013 DHL Supply Chain, wiod\u0105cy \u015bwiatowy dostawca us\u0142ug logistycznych, rozszerzy\u0142 swoj\u0105 globaln\u0105 sie\u0107 Centr\u00f3w Doskona\u0142o\u015bci dla Pojazd\u00f3w Elektrycznych (EV) o nowy obiekt na S\u0142owacji. Nowoczesny magazyn w Senec o powierzchni 26 000 metr\u00f3w kwadratowych oferuje kompleksowe rozwi\u0105zania logistyczne dla akumulator\u00f3w litowo-jonowych, cz\u0119\u015bci do pojazd\u00f3w elektrycznych i szerszego ekosystemu e-mobilno\u015bci.<\/p>\n\n\n\n<p>DHL prowadzi wiod\u0105ce w bran\u017cy Centra Doskona\u0142o\u015bci Pojazd\u00f3w Elektrycznych (EV) na ca\u0142ym \u015bwiecie, zajmuj\u0105c si\u0119 z\u0142o\u017con\u0105 logistyk\u0105 pojazd\u00f3w elektrycznych i akumulator\u00f3w. Globalna sie\u0107 Centr\u00f3w Doskona\u0142o\u015bci Pojazd\u00f3w Elektrycznych DHL dynamicznie si\u0119 rozwija \u2013 dzia\u0142a ju\u017c 20 centr\u00f3w, a rosn\u0105cy zesp\u00f3\u0142 ponad 200 specjalist\u00f3w ds. nowych \u017ar\u00f3de\u0142 energii i elektryfikacji zajmuje si\u0119 rozwojem logistyki akumulator\u00f3w. Centra te \u0142\u0105cz\u0105 globaln\u0105 wiedz\u0119 specjalistyczn\u0105 DHL z lokalnym know-how, aby jak najlepiej wspiera\u0107 klient\u00f3w w zakresie transportu, magazynowania i zarz\u0105dzania zu\u017cytymi akumulatorami.<\/p>\n\n\n\n<p>Nowe centrum jest pierwszym tego typu w Europie \u015arodkowej i pe\u0142ni funkcj\u0119 strategicznego w\u0119z\u0142a dla bran\u017cy motoryzacyjnej w regionie. Ta rozbudowa odzwierciedla zaanga\u017cowanie DHL we wspieranie innowacji i wsp\u00f3\u0142pracy w ca\u0142ym \u0142a\u0144cuchu warto\u015bci pojazd\u00f3w elektrycznych. Magazyn jest zgodny z lokalnymi przepisami i wytycznymi DHL dotycz\u0105cymi przechowywania towar\u00f3w niebezpiecznych i zosta\u0142 zaprojektowany tak, aby sprosta\u0107 rosn\u0105cemu zapotrzebowaniu na us\u0142ugi w dziedzinie e-mobilno\u015bci.<\/p>\n\n\n\n<p>Centrum Doskona\u0142o\u015bci Senec EV obejmuje ca\u0142y \u0142a\u0144cuch logistyczny pojazd\u00f3w elektrycznych \u2013 od logistyki przychodz\u0105cej i wychodz\u0105cej, przez us\u0142ugi magazynowania o warto\u015bci dodanej, takie jak testowanie i \u0142adowanie akumulator\u00f3w, po pe\u0142ne wsparcie posprzeda\u017cowe. Obiekt obejmuje r\u00f3wnie\u017c specjalistyczne strefy z kontrolowan\u0105 temperatur\u0105 i wilgotno\u015bci\u0105, wydzielone strefy dla towar\u00f3w og\u00f3lnych i niebezpiecznych oraz us\u0142ugi dostosowane do potrzeb u\u017cytkownik\u00f3w jedno\u015blad\u00f3w.<\/p>\n\n\n\n<p>\u201eW DHL z rado\u015bci\u0105 otwieramy pierwsze Centrum Doskona\u0142o\u015bci Pojazd\u00f3w Elektrycznych w Europie \u015arodkowej. Ta inicjatywa jest dowodem naszego zaanga\u017cowania w zr\u00f3wnowa\u017cone rozwi\u0105zania logistyczne dla sektora pojazd\u00f3w elektrycznych. Centrum oferuje szeroki wachlarz us\u0142ug i rozwi\u0105za\u0144, dzia\u0142aj\u0105c jako jedno miejsce, w kt\u00f3rym nasi klienci znajd\u0105 wszystko, czego potrzebuj\u0105, wykorzystuj\u0105c jednocze\u015bnie wiedz\u0119 i do\u015bwiadczenie naszego zespo\u0142u\u201d \u2013 m\u00f3wi Tibor Micuch, Dyrektor Jednostki Biznesowej DHL Supply Chain S\u0142owacja.<\/p>\n\n\n\n<p>Centra Doskona\u0142o\u015bci Pojazd\u00f3w Elektrycznych (EV Centers of Excellence) konsoliduj\u0105 wiedz\u0119 specjalistyczn\u0105 DHL w zakresie logistyki pojazd\u00f3w elektrycznych na ca\u0142ym \u015bwiecie. Dzi\u0119ki swojej globalnej sieci DHL zapewnia p\u0142ynn\u0105 \u0142\u0105czno\u015b\u0107 z paneuropejskimi i mi\u0119dzynarodowymi rozwi\u0105zaniami transportowymi, w tym z us\u0142ugami celnymi, monitorowaniem temperatury i wilgotno\u015bci podczas transportu oraz obs\u0142ug\u0105 szerokiej gamy produkt\u00f3w \u2013 od materia\u0142\u00f3w akumulatorowych, przez systemy magazynowania energii, po w pe\u0142ni zmontowane pojazdy elektryczne.<\/p>\n\n\n\n<p>Do najwa\u017cniejszych ofert zak\u0142adu Senec nale\u017c\u0105:<\/p>\n\n\n\n<ul class=\"wp-block-list\">\n<li>Elastyczne magazynowanie zgodne z normami EV (kr\u00f3tkoterminowe i d\u0142ugoterminowe).<\/li>\n\n\n\n<li>Zaawansowany system zarz\u0105dzania magazynem z pe\u0142n\u0105 integracj\u0105 EDI i opart\u0105 na chmurze informacj\u0105 o stanie magazynowym w czasie rzeczywistym.<\/li>\n\n\n\n<li>Us\u0142ugi o warto\u015bci dodanej, obejmuj\u0105ce przepakowywanie towar\u00f3w niebezpiecznych, kontrol\u0119 zapas\u00f3w i realizacj\u0119 zam\u00f3wie\u0144.<\/li>\n\n\n\n<li>Us\u0142ugi transportu wahad\u0142owego i specjalistycznego realizowane w ramach regionalnej sieci DHL.<\/li>\n<\/ul>\n\n\n\n<p>\u201eNaszym celem jest bycie liderem w rozwoju rynku pojazd\u00f3w elektrycznych w regionie. Dzi\u0119ki wsparciu naszej globalnej sieci, oferujemy rozwi\u0105zania, kt\u00f3re zwi\u0119kszaj\u0105 efektywno\u015b\u0107 rynku wt\u00f3rnego i promuj\u0105 rozw\u00f3j e-mobilno\u015bci na S\u0142owacji i poza jej granicami\u201d \u2013 doda\u0142 David \u0160merda, kierownik ds. rozwoju biznesu w DHL Supply Chain Slovakia.<\/p>\n\n\n\n<p>Zgodnie ze strategi\u0105 Grupy DHL \u201e2030 \u2013 Nowa Energia\u201d, firma nadal koncentruje si\u0119 na wspieraniu rozwi\u0105za\u0144 gospodarki o obiegu zamkni\u0119tym w bran\u017cy motoryzacyjnej. Jej wizja obejmuje rozw\u00f3j us\u0142ug zwi\u0105zanych z akumulatorami wycofanymi z eksploatacji we wsp\u00f3\u0142pracy z wyspecjalizowanymi partnerami w ca\u0142ej Europie.<\/p>\n\n\n\n<p>\u201eW DHL d\u0105\u017cymy do przyspieszenia elektryfikacji motoryzacji. Nowe Centrum Doskona\u0142o\u015bci Pojazd\u00f3w Elektrycznych w Senec jest cz\u0119\u015bci\u0105 naszej rozwijaj\u0105cej si\u0119 globalnej sieci \u2013 zaprojektowanej nie tylko jako centra logistyczne, ale tak\u017ce jako motor nap\u0119dowy innowacji i wsp\u00f3\u0142pracy w ca\u0142ym ekosystemie pojazd\u00f3w elektrycznych\u201d \u2013 powiedzia\u0142 Fathi Tlatli, Globalny Prezes ds. Motoryzacji, Rozwi\u0105za\u0144 dla Klient\u00f3w i Innowacji w DHL.<\/p>\n\n\n\n<p>Otwieraj\u0105c centrum Senec, DHL Supply Chain umacnia swoj\u0105 pozycj\u0119 lidera w dziedzinie zr\u00f3wnowa\u017conej logistyki i oferuje rozwi\u0105zania dostosowane do szybko rozwijaj\u0105cego si\u0119 rynku e-mobilno\u015bci w Europie \u015arodkowej.&#8221; <\/p>\n\n\n\n<p>\u017ar\u00f3d\u0142o : https:\/\/www.presseportal.de\/en\/pm\/30097\/6215464<\/p>\n\n\n\n<p>Analiza: <\/p>\n\n\n\n<p>DHL jako lider wyznacza pewne trendy w swoim obszarze. Jak wida\u0107 elektromobilno\u015b\u0107 jest ich priorytetem i zaczynaj\u0105 coraz szybciej w ni\u0105 inwestowa\u0107. Jest to trend kt\u00f3ry jakby idzie w kontrze do tego co m\u00f3wi\u0105 du\u017ce koncerny jak Stellantis i Volkswagen ale powiedzmy sobie to wprost- automotive w Europie zaparkowa\u0142 10-15 lat wstecz kiedy to diesel kr\u00f3lowa\u0142 na drogach. <\/p>\n\n\n\n<p>Nied\u0142ugo ukarze si\u0119 kolejny artyku\u0142 o Indiach gdzie premier Narendra Modi przekazuje kolejne 225 elektrycznych autobus\u00f3w z zam\u00f3wionych 10000 sztuk. Pewnie pami\u0119tacie artyku\u0142 ze \u015awi\u0105t Bo\u017cego Narodzenia kiedy pisa\u0142em o ofensywie Indii tak w elektrycznych autobusach ale i w elektrycznych samochodach. Ca\u0142a Azja chce by\u0107 elektromobilna najp\u00f3\u017aniej w 2035 roku. Europa natomiast dopiero zacznie wtedy o tym my\u015ble\u0107&#8230;przykro. <\/p>\n","protected":false},"excerpt":{"rendered":"<p>DHL otwiera Centrum Doskona\u0142o\u015bci Pojazd\u00f3w Elektrycznych na S\u0142owacji Nawet najwi\u0119ksze firmy zauwa\u017caj\u0105 zmiany zachodz\u0105ce w gospodarce- tak\u017ce w przesy\u0142kach czy obs\u0142udze kurierskiej. Jak podaje portal pressportal.de &#8211; DHL jedna z najwi\u0119kszych firm typu parcel otwiera kolejne centrum elektromobilno\u015bci. zobaczmy co donosi portal a potem zastanowimy si\u0119 co to m\u00f3wi dla nas- os\u00f3b zainteresowanych tym sektorem: [&hellip;]<\/p>\n","protected":false},"author":19,"featured_media":1753,"comment_status":"closed","ping_status":"closed","sticky":false,"template":"","format":"standard","meta":{"_et_pb_use_builder":"","_et_pb_old_content":"","_et_gb_content_width":"","footnotes":""},"categories":[1],"tags":[],"class_list":["post-1752","post","type-post","status-publish","format-standard","has-post-thumbnail","hentry","category-bez-kategorii"],"aioseo_notices":[],"_links":{"self":[{"href":"https:\/\/bcu.opole.pl\/bcu1\/wp-json\/wp\/v2\/posts\/1752","targetHints":{"allow":["GET"]}}],"collection":[{"href":"https:\/\/bcu.opole.pl\/bcu1\/wp-json\/wp\/v2\/posts"}],"about":[{"href":"https:\/\/bcu.opole.pl\/bcu1\/wp-json\/wp\/v2\/types\/post"}],"author":[{"embeddable":true,"href":"https:\/\/bcu.opole.pl\/bcu1\/wp-json\/wp\/v2\/users\/19"}],"replies":[{"embeddable":true,"href":"https:\/\/bcu.opole.pl\/bcu1\/wp-json\/wp\/v2\/comments?post=1752"}],"version-history":[{"count":1,"href":"https:\/\/bcu.opole.pl\/bcu1\/wp-json\/wp\/v2\/posts\/1752\/revisions"}],"predecessor-version":[{"id":1754,"href":"https:\/\/bcu.opole.pl\/bcu1\/wp-json\/wp\/v2\/posts\/1752\/revisions\/1754"}],"wp:featuredmedia":[{"embeddable":true,"href":"https:\/\/bcu.opole.pl\/bcu1\/wp-json\/wp\/v2\/media\/1753"}],"wp:attachment":[{"href":"https:\/\/bcu.opole.pl\/bcu1\/wp-json\/wp\/v2\/media?parent=1752"}],"wp:term":[{"taxonomy":"category","embeddable":true,"href":"https:\/\/bcu.opole.pl\/bcu1\/wp-json\/wp\/v2\/categories?post=1752"},{"taxonomy":"post_tag","embeddable":true,"href":"https:\/\/bcu.opole.pl\/bcu1\/wp-json\/wp\/v2\/tags?post=1752"}],"curies":[{"name":"wp","href":"https:\/\/api.w.org\/{rel}","templated":true}]}}