{"id":1557,"date":"2026-01-29T10:56:22","date_gmt":"2026-01-29T09:56:22","guid":{"rendered":"https:\/\/bcu.opole.pl\/bcu1\/?p=1557"},"modified":"2026-01-29T10:58:31","modified_gmt":"2026-01-29T09:58:31","slug":"wizyta-studyjna-w-fabryce-mm-systemy-w-katach-opolskich","status":"publish","type":"post","link":"https:\/\/bcu.opole.pl\/bcu1\/2026\/01\/29\/wizyta-studyjna-w-fabryce-mm-systemy-w-katach-opolskich\/","title":{"rendered":"Wizyta studyjna w fabryce MM Systemy w K\u0105tach Opolskich"},"content":{"rendered":"<figure class=\"wp-block-post-featured-image\"><img loading=\"lazy\" decoding=\"async\" width=\"1500\" height=\"2000\" src=\"https:\/\/bcu.opole.pl\/bcu1\/wp-content\/uploads\/sites\/3\/2026\/01\/mms-systemy-1.jpg\" class=\"attachment-post-thumbnail size-post-thumbnail wp-post-image\" alt=\"\" style=\"object-fit:cover;\" srcset=\"https:\/\/bcu.opole.pl\/bcu1\/wp-content\/uploads\/sites\/3\/2026\/01\/mms-systemy-1.jpg 1500w, https:\/\/bcu.opole.pl\/bcu1\/wp-content\/uploads\/sites\/3\/2026\/01\/mms-systemy-1-1280x1707.jpg 1280w, https:\/\/bcu.opole.pl\/bcu1\/wp-content\/uploads\/sites\/3\/2026\/01\/mms-systemy-1-980x1307.jpg 980w, https:\/\/bcu.opole.pl\/bcu1\/wp-content\/uploads\/sites\/3\/2026\/01\/mms-systemy-1-480x640.jpg 480w\" sizes=\"(min-width: 0px) and (max-width: 480px) 480px, (min-width: 481px) and (max-width: 980px) 980px, (min-width: 981px) and (max-width: 1280px) 1280px, (min-width: 1281px) 1500px, 100vw\" \/><\/figure>\n\n\n<p><\/p>\n\n\n\n<p class=\"has-x-large-font-size\"><strong>Nauczyciele z wizyt\u0105 u lider\u00f3w <\/strong><\/p>\n\n\n\n<p class=\"has-x-large-font-size\"><strong>motoryzacji<\/strong><\/p>\n\n\n\n<p class=\"has-x-large-font-size\">Teoria to nie wszystko &#8211; liczy si\u0119 praktyka!\u00a0<\/p>\n\n\n\n<p>Dzisiaj, w ramach projektu &#8222;Utworzenie i funkcjonowanie Bran\u017cowego Centrum Umiej\u0119tno\u015bci w dziedzinie przemys\u0142u motoryzacyjnego w Opolu&#8221; grupa 19 nauczycieli z <strong>Zespo\u0142u Szk\u00f3\u0142 Mechanicznych<\/strong> oraz <strong>Zespo\u0142u Plac\u00f3wek O\u015bwiatowych w Opolu<\/strong> odwiedzi\u0142a fabryk\u0119 MM Systemy w K\u0105tach Opolskich.<\/p>\n\n\n\n<p>Co dzia\u0142o si\u0119 podczas wyjazdu?&nbsp;<\/p>\n\n\n\n<p>&#8211; Podgl\u0105dali\u015bmy najnowocze\u015bniejsze procesy t\u0142oczenia i automatyzacji.\u00a0<\/p>\n\n\n\n<p>&#8211; Rozmawiali\u015bmy o kompetencjach, jakich rynek pracy oczekuje od naszych absolwent\u00f3w.\u00a0<\/p>\n\n\n\n<p>&#8211; Zacie\u015bnili\u015bmy wsp\u00f3\u0142prac\u0119 na linii szko\u0142a-przemys\u0142.<\/p>\n\n\n\n<p>Wszystko po to, aby kszta\u0142cenie w naszym nowym BCU sta\u0142o na najwy\u017cszym, \u015bwiatowym poziomie!&nbsp;<\/p>\n\n\n\n<p>Projekt finansowany jest ze \u015brodk\u00f3w KPO.<\/p>\n\n\n\n<figure class=\"wp-block-image size-large\"><img loading=\"lazy\" decoding=\"async\" width=\"768\" height=\"1024\" src=\"https:\/\/bcu.opole.pl\/bcu1\/wp-content\/uploads\/sites\/3\/2026\/01\/IMG-20260128-WA0060-768x1024.jpg\" alt=\"\" class=\"wp-image-1561\" \/><\/figure>\n\n\n\n<figure class=\"wp-block-image size-large\"><img loading=\"lazy\" decoding=\"async\" width=\"768\" height=\"1024\" src=\"https:\/\/bcu.opole.pl\/bcu1\/wp-content\/uploads\/sites\/3\/2026\/01\/IMG-20260128-WA0070-768x1024.jpg\" alt=\"\" class=\"wp-image-1562\" \/><\/figure>\n","protected":false},"excerpt":{"rendered":"<p>Nauczyciele z wizyt\u0105 u lider\u00f3w motoryzacji Teoria to nie wszystko &#8211; liczy si\u0119 praktyka!\u00a0 Dzisiaj, w ramach projektu &#8222;Utworzenie i funkcjonowanie Bran\u017cowego Centrum Umiej\u0119tno\u015bci w dziedzinie przemys\u0142u motoryzacyjnego w Opolu&#8221; grupa 19 nauczycieli z Zespo\u0142u Szk\u00f3\u0142 Mechanicznych oraz Zespo\u0142u Plac\u00f3wek O\u015bwiatowych w Opolu odwiedzi\u0142a fabryk\u0119 MM Systemy w K\u0105tach Opolskich. Co dzia\u0142o si\u0119 podczas wyjazdu?&nbsp; [&hellip;]<\/p>\n","protected":false},"author":17,"featured_media":1558,"comment_status":"closed","ping_status":"closed","sticky":false,"template":"","format":"standard","meta":{"_et_pb_use_builder":"","_et_pb_old_content":"","_et_gb_content_width":"","footnotes":""},"categories":[1],"tags":[],"class_list":["post-1557","post","type-post","status-publish","format-standard","has-post-thumbnail","hentry","category-bez-kategorii"],"aioseo_notices":[],"_links":{"self":[{"href":"https:\/\/bcu.opole.pl\/bcu1\/wp-json\/wp\/v2\/posts\/1557","targetHints":{"allow":["GET"]}}],"collection":[{"href":"https:\/\/bcu.opole.pl\/bcu1\/wp-json\/wp\/v2\/posts"}],"about":[{"href":"https:\/\/bcu.opole.pl\/bcu1\/wp-json\/wp\/v2\/types\/post"}],"author":[{"embeddable":true,"href":"https:\/\/bcu.opole.pl\/bcu1\/wp-json\/wp\/v2\/users\/17"}],"replies":[{"embeddable":true,"href":"https:\/\/bcu.opole.pl\/bcu1\/wp-json\/wp\/v2\/comments?post=1557"}],"version-history":[{"count":3,"href":"https:\/\/bcu.opole.pl\/bcu1\/wp-json\/wp\/v2\/posts\/1557\/revisions"}],"predecessor-version":[{"id":1566,"href":"https:\/\/bcu.opole.pl\/bcu1\/wp-json\/wp\/v2\/posts\/1557\/revisions\/1566"}],"wp:featuredmedia":[{"embeddable":true,"href":"https:\/\/bcu.opole.pl\/bcu1\/wp-json\/wp\/v2\/media\/1558"}],"wp:attachment":[{"href":"https:\/\/bcu.opole.pl\/bcu1\/wp-json\/wp\/v2\/media?parent=1557"}],"wp:term":[{"taxonomy":"category","embeddable":true,"href":"https:\/\/bcu.opole.pl\/bcu1\/wp-json\/wp\/v2\/categories?post=1557"},{"taxonomy":"post_tag","embeddable":true,"href":"https:\/\/bcu.opole.pl\/bcu1\/wp-json\/wp\/v2\/tags?post=1557"}],"curies":[{"name":"wp","href":"https:\/\/api.w.org\/{rel}","templated":true}]}}