{"id":1529,"date":"2026-01-23T08:47:17","date_gmt":"2026-01-23T07:47:17","guid":{"rendered":"https:\/\/bcu.opole.pl\/bcu1\/?p=1529"},"modified":"2026-01-23T08:47:18","modified_gmt":"2026-01-23T07:47:18","slug":"opole-napedza-przyszlosc-motoryzacji-spotkanie-z-logistyka-i-ochrona-patentowa","status":"publish","type":"post","link":"https:\/\/bcu.opole.pl\/bcu1\/2026\/01\/23\/opole-napedza-przyszlosc-motoryzacji-spotkanie-z-logistyka-i-ochrona-patentowa\/","title":{"rendered":"Opole nap\u0119dza przysz\u0142o\u015b\u0107 motoryzacji: Spotkanie z logistyk\u0105 i ochron\u0105 patentow\u0105"},"content":{"rendered":"\n<figure class=\"wp-block-image aligncenter size-full\"><img loading=\"lazy\" decoding=\"async\" width=\"800\" height=\"800\" src=\"https:\/\/bcu.opole.pl\/bcu1\/wp-content\/uploads\/sites\/3\/2026\/01\/spotkanie-z-przemyslem.png\" alt=\"\" class=\"wp-image-1530\" srcset=\"https:\/\/bcu.opole.pl\/bcu1\/wp-content\/uploads\/sites\/3\/2026\/01\/spotkanie-z-przemyslem.png 800w, https:\/\/bcu.opole.pl\/bcu1\/wp-content\/uploads\/sites\/3\/2026\/01\/spotkanie-z-przemyslem-480x480.png 480w\" sizes=\"(min-width: 0px) and (max-width: 480px) 480px, (min-width: 481px) 800px, 100vw\" \/><\/figure>\n\n\n\n<p>Opole, stolica innowacji na Opolszczy\u017anie, otwiera nowy rozdzia\u0142 w kszta\u0142ceniu dla przemys\u0142u motoryzacyjnego. Przy ul. Torowej dzia\u0142a Bran\u017cowe Centrum Umiej\u0119tno\u015bci nr 1, dedykowane elektromobilno\u015bci: pojazdom elektrycznym, hybrydowym i wodorowym. <strong>27 stycznia 2026 r. o 9:30<\/strong> zapraszamy do <strong>Parku Naukowo-Technologicznego w Opolu<\/strong> na spotkanie promuj\u0105ce projekt \u201eUtworzenie i funkcjonowanie Bran\u017cowego Centrum Umiej\u0119tno\u015bci w dziedzinie przemys\u0142u motoryzacyjnego w Opolu\u201d.<\/p>\n\n\n\n<p><br>To wydarzenie gromadzi pracodawc\u00f3w, edukator\u00f3w i mieszka\u0144c\u00f3w regionu, oferuj\u0105c networking, dyskusje Q&amp;A oraz punkt konsultacyjny \u2013 kluczowe dla Opola, gdzie motoryzacja generuje tysi\u0105ce miejsc pracy.<\/p>\n\n\n\n<p><strong>Szczeg\u00f3\u0142owy harmonogram:<\/strong><\/p>\n\n\n\n<p><strong>9:30<br>Przywitanie go\u015bci<\/strong><\/p>\n\n\n\n<p><strong>09:30\u201310:00<br>\u201eOd zam\u00f3wienia do realizacji \u2013 \u015bcie\u017cka logistyczna w firmie MM Systemy\u201d:<br><br><\/strong>Kamil Sowada, Plant Manager i Zast\u0119pca Prezesa MM Systemy (Opole), z 18-letnim do\u015bwiadczeniem w automotive przedstawi lokalne case studies z zakresu optymalizacji \u0142a\u0144cuch\u00f3w dostaw dla EV, eliminacji marnotrawstwa, budowy zespo\u0142\u00f3w w opolskich fabrykach.<br><strong><br>10:00\u201310:15<br>Przerwa kawowa<\/strong><\/p>\n\n\n\n<p><strong>10:15\u201310:45<br>\u201eInnowacja bez ochrony to prezent dla konkurencji\u201d<br><br><\/strong>Dr in\u017c. Konrad Ptasi\u0144ski, Europejski i Polski Rzecznik Patentowy, om\u00f3wi ochron\u0119 IP dla opolskich innowacji \u2013 u\u015bwiadomi, \u017ce bez patent\u00f3w wynalazek z Opola mo\u017ce trafi\u0107 do konkurencji, np. z Azji. Po spotkaniu &nbsp;odb\u0119d\u0105 si\u0119 indywidualne konsultacje z zakresu ochrony patentowej.<\/p>\n\n\n\n<p><br>Zapisy na spotkanie: <a href=\"mailto:konferencja@pnt.opole.pl\">konferencja@pnt.opole.pl<\/a><\/p>\n\n\n\n<p><em><br>Dzia\u0142anie jest realizowane w ramach projektu \u201eUtworzenie i funkcjonowanie Bran\u017cowego Centrum Umiej\u0119tno\u015bci w dziedzinie przemys\u0142u motoryzacyjnego w Opolu\u201d.<\/em><\/p>\n","protected":false},"excerpt":{"rendered":"<p>Opole, stolica innowacji na Opolszczy\u017anie, otwiera nowy rozdzia\u0142 w kszta\u0142ceniu dla przemys\u0142u motoryzacyjnego. Przy ul. Torowej dzia\u0142a Bran\u017cowe Centrum Umiej\u0119tno\u015bci nr 1, dedykowane elektromobilno\u015bci: pojazdom elektrycznym, hybrydowym i wodorowym. 27 stycznia 2026 r. o 9:30 zapraszamy do Parku Naukowo-Technologicznego w Opolu na spotkanie promuj\u0105ce projekt \u201eUtworzenie i funkcjonowanie Bran\u017cowego Centrum Umiej\u0119tno\u015bci w dziedzinie przemys\u0142u motoryzacyjnego [&hellip;]<\/p>\n","protected":false},"author":4,"featured_media":1530,"comment_status":"closed","ping_status":"closed","sticky":false,"template":"","format":"standard","meta":{"_et_pb_use_builder":"","_et_pb_old_content":"","_et_gb_content_width":"","footnotes":""},"categories":[1],"tags":[],"class_list":["post-1529","post","type-post","status-publish","format-standard","has-post-thumbnail","hentry","category-bez-kategorii"],"aioseo_notices":[],"_links":{"self":[{"href":"https:\/\/bcu.opole.pl\/bcu1\/wp-json\/wp\/v2\/posts\/1529","targetHints":{"allow":["GET"]}}],"collection":[{"href":"https:\/\/bcu.opole.pl\/bcu1\/wp-json\/wp\/v2\/posts"}],"about":[{"href":"https:\/\/bcu.opole.pl\/bcu1\/wp-json\/wp\/v2\/types\/post"}],"author":[{"embeddable":true,"href":"https:\/\/bcu.opole.pl\/bcu1\/wp-json\/wp\/v2\/users\/4"}],"replies":[{"embeddable":true,"href":"https:\/\/bcu.opole.pl\/bcu1\/wp-json\/wp\/v2\/comments?post=1529"}],"version-history":[{"count":1,"href":"https:\/\/bcu.opole.pl\/bcu1\/wp-json\/wp\/v2\/posts\/1529\/revisions"}],"predecessor-version":[{"id":1531,"href":"https:\/\/bcu.opole.pl\/bcu1\/wp-json\/wp\/v2\/posts\/1529\/revisions\/1531"}],"wp:featuredmedia":[{"embeddable":true,"href":"https:\/\/bcu.opole.pl\/bcu1\/wp-json\/wp\/v2\/media\/1530"}],"wp:attachment":[{"href":"https:\/\/bcu.opole.pl\/bcu1\/wp-json\/wp\/v2\/media?parent=1529"}],"wp:term":[{"taxonomy":"category","embeddable":true,"href":"https:\/\/bcu.opole.pl\/bcu1\/wp-json\/wp\/v2\/categories?post=1529"},{"taxonomy":"post_tag","embeddable":true,"href":"https:\/\/bcu.opole.pl\/bcu1\/wp-json\/wp\/v2\/tags?post=1529"}],"curies":[{"name":"wp","href":"https:\/\/api.w.org\/{rel}","templated":true}]}}