{"id":1502,"date":"2026-01-14T08:40:06","date_gmt":"2026-01-14T07:40:06","guid":{"rendered":"https:\/\/bcu.opole.pl\/bcu1\/?p=1502"},"modified":"2026-01-14T08:40:52","modified_gmt":"2026-01-14T07:40:52","slug":"osobowosc-roku-2025","status":"publish","type":"post","link":"https:\/\/bcu.opole.pl\/bcu1\/2026\/01\/14\/osobowosc-roku-2025\/","title":{"rendered":"Osobowo\u015b\u0107 Roku 2025"},"content":{"rendered":"<figure class=\"wp-block-post-featured-image\"><img loading=\"lazy\" decoding=\"async\" width=\"1190\" height=\"1682\" src=\"https:\/\/bcu.opole.pl\/bcu1\/wp-content\/uploads\/sites\/3\/2026\/01\/Nominacja_Urszula_Kowalczyk_S.jpg\" class=\"attachment-post-thumbnail size-post-thumbnail wp-post-image\" alt=\"\" style=\"object-fit:cover;\" srcset=\"https:\/\/bcu.opole.pl\/bcu1\/wp-content\/uploads\/sites\/3\/2026\/01\/Nominacja_Urszula_Kowalczyk_S.jpg 1190w, https:\/\/bcu.opole.pl\/bcu1\/wp-content\/uploads\/sites\/3\/2026\/01\/Nominacja_Urszula_Kowalczyk_S-980x1385.jpg 980w, https:\/\/bcu.opole.pl\/bcu1\/wp-content\/uploads\/sites\/3\/2026\/01\/Nominacja_Urszula_Kowalczyk_S-480x678.jpg 480w\" sizes=\"(min-width: 0px) and (max-width: 480px) 480px, (min-width: 481px) and (max-width: 980px) 980px, (min-width: 981px) 1190px, 100vw\" \/><\/figure>\n\n\n<p>Mamy zaszczyt poinformowa\u0107, \u017ce Pani Urszula Kowalczyk \u2013 Dyrektor Zespo\u0142u Plac\u00f3wek O\u015bwiatowych w Opolu, zosta\u0142a nominowana przez Kolegium Redakcyjne \u201eNowej Trybuny Opolskiej\u201d do presti\u017cowego tytu\u0142u Osobowo\u015b\u0107 Roku 2025 w kategorii Polityka, samorz\u0105dno\u015b\u0107 i spo\u0142eczno\u015b\u0107 lokalna.<\/p>\n\n\n\n<p>Wi\u0119cej informacji o akcji mo\u017cna znale\u017a\u0107 pod adresem <a href=\"http:\/\/www.nto.pl\/osobowosc\">www.nto.pl\/osobowosc<\/a><\/p>\n\n\n\n<figure class=\"wp-block-embed\"><div class=\"wp-block-embed__wrapper\">\nhttps:\/\/nto.pl\/urszula-kowalczyk\/pk\/8471547\/pg\/109339\n<\/div><\/figure>\n","protected":false},"excerpt":{"rendered":"<p>Mamy zaszczyt poinformowa\u0107, \u017ce Pani Urszula Kowalczyk \u2013 Dyrektor Zespo\u0142u Plac\u00f3wek O\u015bwiatowych w Opolu, zosta\u0142a nominowana przez Kolegium Redakcyjne \u201eNowej Trybuny Opolskiej\u201d do presti\u017cowego tytu\u0142u Osobowo\u015b\u0107 Roku 2025 w kategorii Polityka, samorz\u0105dno\u015b\u0107 i spo\u0142eczno\u015b\u0107 lokalna. Wi\u0119cej informacji o akcji mo\u017cna znale\u017a\u0107 pod adresem www.nto.pl\/osobowosc<\/p>\n","protected":false},"author":17,"featured_media":1503,"comment_status":"closed","ping_status":"closed","sticky":false,"template":"","format":"standard","meta":{"_et_pb_use_builder":"","_et_pb_old_content":"","_et_gb_content_width":"","footnotes":""},"categories":[1],"tags":[],"class_list":["post-1502","post","type-post","status-publish","format-standard","has-post-thumbnail","hentry","category-bez-kategorii"],"aioseo_notices":[],"_links":{"self":[{"href":"https:\/\/bcu.opole.pl\/bcu1\/wp-json\/wp\/v2\/posts\/1502","targetHints":{"allow":["GET"]}}],"collection":[{"href":"https:\/\/bcu.opole.pl\/bcu1\/wp-json\/wp\/v2\/posts"}],"about":[{"href":"https:\/\/bcu.opole.pl\/bcu1\/wp-json\/wp\/v2\/types\/post"}],"author":[{"embeddable":true,"href":"https:\/\/bcu.opole.pl\/bcu1\/wp-json\/wp\/v2\/users\/17"}],"replies":[{"embeddable":true,"href":"https:\/\/bcu.opole.pl\/bcu1\/wp-json\/wp\/v2\/comments?post=1502"}],"version-history":[{"count":2,"href":"https:\/\/bcu.opole.pl\/bcu1\/wp-json\/wp\/v2\/posts\/1502\/revisions"}],"predecessor-version":[{"id":1505,"href":"https:\/\/bcu.opole.pl\/bcu1\/wp-json\/wp\/v2\/posts\/1502\/revisions\/1505"}],"wp:featuredmedia":[{"embeddable":true,"href":"https:\/\/bcu.opole.pl\/bcu1\/wp-json\/wp\/v2\/media\/1503"}],"wp:attachment":[{"href":"https:\/\/bcu.opole.pl\/bcu1\/wp-json\/wp\/v2\/media?parent=1502"}],"wp:term":[{"taxonomy":"category","embeddable":true,"href":"https:\/\/bcu.opole.pl\/bcu1\/wp-json\/wp\/v2\/categories?post=1502"},{"taxonomy":"post_tag","embeddable":true,"href":"https:\/\/bcu.opole.pl\/bcu1\/wp-json\/wp\/v2\/tags?post=1502"}],"curies":[{"name":"wp","href":"https:\/\/api.w.org\/{rel}","templated":true}]}}