{"id":1458,"date":"2026-01-06T12:43:52","date_gmt":"2026-01-06T11:43:52","guid":{"rendered":"https:\/\/bcu.opole.pl\/bcu1\/?p=1458"},"modified":"2026-01-06T12:43:53","modified_gmt":"2026-01-06T11:43:53","slug":"podsumowanie-roku-2025-w-elektromobilnosci","status":"publish","type":"post","link":"https:\/\/bcu.opole.pl\/bcu1\/2026\/01\/06\/podsumowanie-roku-2025-w-elektromobilnosci\/","title":{"rendered":"Podsumowanie roku 2025 w elektromobilno\u015bci!"},"content":{"rendered":"\n<h2 class=\"wp-block-heading\">Podsumowanie roku 2025 w elektromobilno\u015bci! <\/h2>\n\n\n<div class=\"wp-block-post-author-name\">piotrczerwonka<\/div>\n\n\n<p>Ale to szybko min\u0119\u0142o! Ju\u017c mamy 2026 rok wi\u0119c wypada podsumowa\u0107 rok 2025 w elektromobilno\u015bci. Przyjrzymy si\u0119 5 najwa\u017cniejszym wydarzeniom poprzedniego roku ( oczywi\u015bcie subiektywnie wybrane). <\/p>\n\n\n\n<figure class=\"wp-block-image size-large\"><img loading=\"lazy\" decoding=\"async\" width=\"1024\" height=\"527\" src=\"https:\/\/bcu.opole.pl\/bcu1\/wp-content\/uploads\/sites\/3\/2026\/01\/Nowy-Zeekr-001-2048x1054-1-1024x527.jpg\" alt=\"\" class=\"wp-image-1459\" srcset=\"https:\/\/bcu.opole.pl\/bcu1\/wp-content\/uploads\/sites\/3\/2026\/01\/Nowy-Zeekr-001-2048x1054-1-980x504.jpg 980w, https:\/\/bcu.opole.pl\/bcu1\/wp-content\/uploads\/sites\/3\/2026\/01\/Nowy-Zeekr-001-2048x1054-1-480x247.jpg 480w\" sizes=\"(min-width: 0px) and (max-width: 480px) 480px, (min-width: 481px) and (max-width: 980px) 980px, (min-width: 981px) 1024px, 100vw\" \/><figcaption class=\"wp-element-caption\">Zeekr 001 fot. ZEEKR\/GEELY<\/figcaption><\/figure>\n\n\n\n<p>Najwa\u017cniejszym dla nas momentem jest otwarcie i rozpocz\u0119cie dzia\u0142ania Bran\u017cowego Centrum Umiej\u0119tno\u015bci w OPOLU! C\u00f3\u017c to by\u0142o za otwarcie, ale najwa\u017cniejsze to by\u0142 krok milowy dla polskiego szkolnictwa oraz przemys\u0142u. Brakuj\u0105cy puzzel w uk\u0142adance elektromobilno\u015bci kt\u00f3ry wszed\u0142 w odpowiednie miejsce. I nie ma chyba zdziwienia, \u017ce to w\u0142a\u015bnie powstanie BCU Opole jest numerem 1 w roku 2025! \ud83d\ude42 <\/p>\n\n\n\n<p>Numer 2 &#8211; Zmiana koncepcji w Unii Europejskiej<\/p>\n\n\n\n<p>Po wielomiesi\u0119cznych pertraktacjach Komisja Europejska ugi\u0119\u0142a si\u0119 pod lobby producent\u00f3w samochod\u00f3w spalinowych i ich akolit\u00f3w i znios\u0142a zakaz sprzeda\u017cy samochod\u00f3w spalinowych roku 2035. Jednak obostrzenia dotycz\u0105ce CO2 pozosta\u0142y- oznacza to, \u017ce pomimo mo\u017cliwo\u015bci produkcji tradycyjnych samochod\u00f3w to elektryfikacja flot i tabor\u00f3w b\u0119dzie post\u0119powa\u0107. Nie jest wi\u0119c wstrzymana elektryfikacja Europy ale spowolniona. Szacowa\u0142o si\u0119, \u017ce w Europie po 2035 roku b\u0119dzie 75 mln aut elektrycznych, po zmianach b\u0119dzie ich o oko\u0142o 20% mniej czyli w granicach 56-57 mln sztuk. <\/p>\n\n\n\n<p>Numer 3 &#8211; Norwegia ma prawie 100% sprzeda\u017cy nowych pojazd\u00f3w w swoim kraju z nap\u0119dem elektrycznym. <\/p>\n\n\n\n<p>Norwegia to kraj, kt\u00f3ry przeczy wszystkim narzekaniom ludzi b\u0119d\u0105cych w kontrze do samochod\u00f3w elektrycznych. Kraj o klimacie ch\u0142odnym i arktycznym, kt\u00f3ry jest wydobywc\u0105 ropy naftowej, jest przyk\u0142adem, \u017ce je\u015bli si\u0119 chce to mo\u017cna wszystko. Samochody elektryczne wypieraj\u0105 skutecznie samochody spalinowe. Nie ma ju\u017c tam ani zach\u0119t do kupna samochod\u00f3w elektrycznych ani nawet zwolnienia z podatku VAT. Norwegowie przekonali si\u0119, \u017ce pojazdy elektryczne s\u0105 lepsze od spalinowych a wojna w Ukrainie tylko przyspieszy\u0142a ten trend. <\/p>\n\n\n\n<p>Numer 4 &#8211;  Arabia Saudyjska chce samochod\u00f3w elektrycznych. <\/p>\n\n\n\n<p>Arabia Saudyjska- najwi\u0119kszy eksporter ropy naftowej na \u015bwiecie og\u0142osi\u0142 program Vision 2030. Znajdziemy w nim m.in elektryfikacj\u0119 samochod\u00f3w i doj\u015bcie do 2030 roku z liczb\u0105 30% samochod\u00f3w elektrycznych, 2035 to ju\u017c 45% a w 2040 ca\u0142kowity zakaz sprzeda\u017cy samochod\u00f3w spalinowych. Pa\u0144stwowy fundusz inwestycyjny PIF wyda\u0142 tylko w 2025 50 mld dolar\u00f3w na rynek EV w Arabii tak\u017ce na powstawanie nowych miejsc \u0142adowania. Celem Arabii jest pe\u0142na elektryfikacja transportu do 2040 roku. Paradoks ale to w\u0142a\u015bnie kraje takie jak Norwegia, Arabia czy Chiny pokazuj\u0105 trendy w gospodarce. <\/p>\n\n\n\n<p>Numer 5 &#8211;  Geely integruje mark\u0119 ZEEKR <\/p>\n\n\n\n<p>Geely po udanym debiucie gie\u0142dowym ZEEKR na nowojorskim parkiecie podj\u0119\u0142a niespodziewan\u0105 decyzj\u0119 o odkupie wszystkich akcji ZEEKR i pe\u0142nej integracji z mark\u0105 matk\u0105. IPO Zeekra by\u0142o imponuj\u0105ce poniewa\u017c zebrano ponad 400 mln dolar\u00f3w na sp\u00f3\u0142k\u0119 wycenian\u0105 na 6.8 miliarda dolar\u00f3w. Samo Geely by\u0142o zadowolone z wej\u015bcia na gie\u0142d\u0119 ich sp\u00f3\u0142ki c\u00f3rki. Oficjalne powody decyzji o zdj\u0119ciu marki Zeekr z parkietu gie\u0142dowego jest wzmocnienie grupy Geely oraz &#8222;zintegrowany ekosystem u\u017cytkownik\u00f3w&#8221; grupy. <\/p>\n\n\n\n<p>To by\u0142o subiektywne podsumowanie roku 2025 i 5 najwa\u017cniejszych wydarze\u0144. Zapraszam do czytania naszego portalu w 2026 roku i \u017cycz\u0119 udanego roku 2026 \ud83d\ude42 <\/p>\n","protected":false},"excerpt":{"rendered":"<p>Podsumowanie roku 2025 w elektromobilno\u015bci! Ale to szybko min\u0119\u0142o! Ju\u017c mamy 2026 rok wi\u0119c wypada podsumowa\u0107 rok 2025 w elektromobilno\u015bci. Przyjrzymy si\u0119 5 najwa\u017cniejszym wydarzeniom poprzedniego roku ( oczywi\u015bcie subiektywnie wybrane). Najwa\u017cniejszym dla nas momentem jest otwarcie i rozpocz\u0119cie dzia\u0142ania Bran\u017cowego Centrum Umiej\u0119tno\u015bci w OPOLU! C\u00f3\u017c to by\u0142o za otwarcie, ale najwa\u017cniejsze to by\u0142 krok [&hellip;]<\/p>\n","protected":false},"author":19,"featured_media":1459,"comment_status":"closed","ping_status":"closed","sticky":false,"template":"","format":"standard","meta":{"_et_pb_use_builder":"","_et_pb_old_content":"","_et_gb_content_width":"","footnotes":""},"categories":[1],"tags":[],"class_list":["post-1458","post","type-post","status-publish","format-standard","has-post-thumbnail","hentry","category-bez-kategorii"],"aioseo_notices":[],"_links":{"self":[{"href":"https:\/\/bcu.opole.pl\/bcu1\/wp-json\/wp\/v2\/posts\/1458","targetHints":{"allow":["GET"]}}],"collection":[{"href":"https:\/\/bcu.opole.pl\/bcu1\/wp-json\/wp\/v2\/posts"}],"about":[{"href":"https:\/\/bcu.opole.pl\/bcu1\/wp-json\/wp\/v2\/types\/post"}],"author":[{"embeddable":true,"href":"https:\/\/bcu.opole.pl\/bcu1\/wp-json\/wp\/v2\/users\/19"}],"replies":[{"embeddable":true,"href":"https:\/\/bcu.opole.pl\/bcu1\/wp-json\/wp\/v2\/comments?post=1458"}],"version-history":[{"count":1,"href":"https:\/\/bcu.opole.pl\/bcu1\/wp-json\/wp\/v2\/posts\/1458\/revisions"}],"predecessor-version":[{"id":1460,"href":"https:\/\/bcu.opole.pl\/bcu1\/wp-json\/wp\/v2\/posts\/1458\/revisions\/1460"}],"wp:featuredmedia":[{"embeddable":true,"href":"https:\/\/bcu.opole.pl\/bcu1\/wp-json\/wp\/v2\/media\/1459"}],"wp:attachment":[{"href":"https:\/\/bcu.opole.pl\/bcu1\/wp-json\/wp\/v2\/media?parent=1458"}],"wp:term":[{"taxonomy":"category","embeddable":true,"href":"https:\/\/bcu.opole.pl\/bcu1\/wp-json\/wp\/v2\/categories?post=1458"},{"taxonomy":"post_tag","embeddable":true,"href":"https:\/\/bcu.opole.pl\/bcu1\/wp-json\/wp\/v2\/tags?post=1458"}],"curies":[{"name":"wp","href":"https:\/\/api.w.org\/{rel}","templated":true}]}}