{"id":1434,"date":"2025-12-25T13:27:08","date_gmt":"2025-12-25T12:27:08","guid":{"rendered":"https:\/\/bcu.opole.pl\/bcu1\/?p=1434"},"modified":"2025-12-25T13:27:09","modified_gmt":"2025-12-25T12:27:09","slug":"delhi-i-chennai-zamawiaja-200-autobusow-elektrycznych","status":"publish","type":"post","link":"https:\/\/bcu.opole.pl\/bcu1\/2025\/12\/25\/delhi-i-chennai-zamawiaja-200-autobusow-elektrycznych\/","title":{"rendered":"Delhi i Chennai zamawiaj\u0105 200 autobus\u00f3w elektrycznych"},"content":{"rendered":"\n<h2 class=\"wp-block-heading\">Delhi i Chennai zamawiaj\u0105 200 autobus\u00f3w elektrycznych  <\/h2>\n\n\n<div class=\"wp-block-post-author-name\">piotrczerwonka<\/div>\n\n\n<p>I mamy pierwszy dzie\u0144 \u015awi\u0105t! <\/p>\n\n\n\n<p>Zapraszam na kolejne wiadomo\u015bci \u015bwi\u0105teczne ze \u015bwiata elektromobilno\u015bci. <\/p>\n\n\n\n<figure class=\"wp-block-image size-full\"><img loading=\"lazy\" decoding=\"async\" width=\"995\" height=\"663\" src=\"https:\/\/bcu.opole.pl\/bcu1\/wp-content\/uploads\/sites\/3\/2025\/12\/mtc-bus-ceremony-cropped.jpeg\" alt=\"\" class=\"wp-image-1435\" srcset=\"https:\/\/bcu.opole.pl\/bcu1\/wp-content\/uploads\/sites\/3\/2025\/12\/mtc-bus-ceremony-cropped.jpeg 995w, https:\/\/bcu.opole.pl\/bcu1\/wp-content\/uploads\/sites\/3\/2025\/12\/mtc-bus-ceremony-cropped-980x653.jpeg 980w, https:\/\/bcu.opole.pl\/bcu1\/wp-content\/uploads\/sites\/3\/2025\/12\/mtc-bus-ceremony-cropped-480x320.jpeg 480w\" sizes=\"(min-width: 0px) and (max-width: 480px) 480px, (min-width: 481px) and (max-width: 980px) 980px, (min-width: 981px) 995px, 100vw\" \/><figcaption class=\"wp-element-caption\">Ceremonia w Chennai oddania elektrycznych autobus\u00f3w.<\/figcaption><\/figure>\n\n\n\n<p>Zaczynamy od jednego z najbardziej zanieczyszczonych region\u00f3w \u015bwiata jakim s\u0105 Indie. Wschodz\u0105ca gospodarka pot\u0119gi  nowego &#8222;imperium&#8221; indyjskiego walczy z bol\u0105czkami przeludnienia i wyj\u0105tkowo wysokiej emisji zanieczyszcze\u0144. <\/p>\n\n\n\n<p>St\u0105d Indie wprowadzi\u0142y strategi\u0119 elektryfikacji ca\u0142ego transportu by do roku 2030 wi\u0119kszo\u015b\u0107 pojazd\u00f3w by\u0142a elektryczna a pojazdy publicznego transportu by\u0142y w 100% elektryczne. <\/p>\n\n\n\n<p>Jak podaje elektrive oraz MTC ( sp\u00f3\u0142ka operator publicznego transportu w Chennai) w Chennai i Delhi wyjedzie ju\u017c teraz 200 autobus\u00f3w elektrycznych a docelowo w samym Chennai b\u0119dzie ich ponad 625. <\/p>\n\n\n\n<p>&#8222;W ramach programu MTC planuje w sumie wdro\u017cy\u0107 w \u0106ennaju 625 niskopod\u0142ogowych autobus\u00f3w elektrycznych. W pierwszej fazie w czerwcu, w ramach pierwszej fazy, oddano do u\u017cytku 120 pojazd\u00f3w z nowej zajezdni autobus\u00f3w elektrycznych Vyasarpadi, a w drugiej fazie, w sierpniu, 135 pojazd\u00f3w z nowej zajezdni autobus\u00f3w elektrycznych Perumbakkam. Po dodaniu 125 pojazd\u00f3w z zmodernizowanej zajezdni autobus\u00f3w elektrycznych Poonamallee w tym miesi\u0105cu, operator wdro\u017cy\u0142 do tej pory 380 pojazd\u00f3w.<\/p>\n\n\n\n<p>MTC planuje wypu\u015bci\u0107 pozosta\u0142e 245 autobus\u00f3w elektrycznych z zajezdni Centralnej i zajezdni Tondiarpet-1 w kolejnych fazach. Obecnie modernizuje obie zajezdnie i dostosowuje je do elektryfikacji.&#8221; pisze Electrive. <\/p>\n\n\n\n<p>Za to w Delhi teraz je\u017adzi 100 autobus\u00f3w elektrycznych za to docelowo b\u0119dzie ich uwaga&#8230; 3400 do 4000 sztuk w 2030 roku! <\/p>\n\n\n\n<p>To tylko pokazuje jakim b\u0142\u0119dem by\u0142 krok wstecz Unii Europejskiej oraz jakie konsekwencje za to poniesiemy. Czas poka\u017ce, jak szybko te konsekwencje odczujemy na w\u0142asnej sk\u00f3rze. <\/p>\n","protected":false},"excerpt":{"rendered":"<p>Delhi i Chennai zamawiaj\u0105 200 autobus\u00f3w elektrycznych I mamy pierwszy dzie\u0144 \u015awi\u0105t! Zapraszam na kolejne wiadomo\u015bci \u015bwi\u0105teczne ze \u015bwiata elektromobilno\u015bci. Zaczynamy od jednego z najbardziej zanieczyszczonych region\u00f3w \u015bwiata jakim s\u0105 Indie. Wschodz\u0105ca gospodarka pot\u0119gi nowego &#8222;imperium&#8221; indyjskiego walczy z bol\u0105czkami przeludnienia i wyj\u0105tkowo wysokiej emisji zanieczyszcze\u0144. St\u0105d Indie wprowadzi\u0142y strategi\u0119 elektryfikacji ca\u0142ego transportu by do [&hellip;]<\/p>\n","protected":false},"author":19,"featured_media":1435,"comment_status":"closed","ping_status":"closed","sticky":false,"template":"","format":"standard","meta":{"_et_pb_use_builder":"","_et_pb_old_content":"","_et_gb_content_width":"","footnotes":""},"categories":[1],"tags":[],"class_list":["post-1434","post","type-post","status-publish","format-standard","has-post-thumbnail","hentry","category-bez-kategorii"],"aioseo_notices":[],"_links":{"self":[{"href":"https:\/\/bcu.opole.pl\/bcu1\/wp-json\/wp\/v2\/posts\/1434","targetHints":{"allow":["GET"]}}],"collection":[{"href":"https:\/\/bcu.opole.pl\/bcu1\/wp-json\/wp\/v2\/posts"}],"about":[{"href":"https:\/\/bcu.opole.pl\/bcu1\/wp-json\/wp\/v2\/types\/post"}],"author":[{"embeddable":true,"href":"https:\/\/bcu.opole.pl\/bcu1\/wp-json\/wp\/v2\/users\/19"}],"replies":[{"embeddable":true,"href":"https:\/\/bcu.opole.pl\/bcu1\/wp-json\/wp\/v2\/comments?post=1434"}],"version-history":[{"count":1,"href":"https:\/\/bcu.opole.pl\/bcu1\/wp-json\/wp\/v2\/posts\/1434\/revisions"}],"predecessor-version":[{"id":1436,"href":"https:\/\/bcu.opole.pl\/bcu1\/wp-json\/wp\/v2\/posts\/1434\/revisions\/1436"}],"wp:featuredmedia":[{"embeddable":true,"href":"https:\/\/bcu.opole.pl\/bcu1\/wp-json\/wp\/v2\/media\/1435"}],"wp:attachment":[{"href":"https:\/\/bcu.opole.pl\/bcu1\/wp-json\/wp\/v2\/media?parent=1434"}],"wp:term":[{"taxonomy":"category","embeddable":true,"href":"https:\/\/bcu.opole.pl\/bcu1\/wp-json\/wp\/v2\/categories?post=1434"},{"taxonomy":"post_tag","embeddable":true,"href":"https:\/\/bcu.opole.pl\/bcu1\/wp-json\/wp\/v2\/tags?post=1434"}],"curies":[{"name":"wp","href":"https:\/\/api.w.org\/{rel}","templated":true}]}}