{"id":1291,"date":"2025-11-26T12:28:27","date_gmt":"2025-11-26T11:28:27","guid":{"rendered":"https:\/\/bcu.opole.pl\/bcu1\/?p=1291"},"modified":"2025-11-26T12:28:28","modified_gmt":"2025-11-26T11:28:28","slug":"czy-nadchodzi-zmiana-dla-elektromobilnosci-cz-1","status":"publish","type":"post","link":"https:\/\/bcu.opole.pl\/bcu1\/2025\/11\/26\/czy-nadchodzi-zmiana-dla-elektromobilnosci-cz-1\/","title":{"rendered":"Czy nadchodzi zmiana dla elektromobilno\u015bci?  cz.1"},"content":{"rendered":"<div class=\"wp-block-post-author-name\">piotrczerwonka<\/div>\n\n\n<h2 class=\"wp-block-heading\">Czy nadchodzi zmiana dla elektromobilno\u015bci? Czy mo\u017cliwa zmiana ustawy o efektywno\u015bci energetycznej zrobi rewolucj\u0119? cz.1<\/h2>\n\n\n\n<p>Niedawno na portalu Rz\u0105dowego Centrum Legislacji zosta\u0142 opublikowany projekt ustawy o zmianie ustawy o efektywno\u015bci energetycznej i innych ustaw.&nbsp;<\/p>\n\n\n\n<p>Jest to o tyle wa\u017cne, \u017ce cz\u0119\u015bci\u0105 tego projektu jest m.in wdra\u017canie transportu elektrycznego do firm jako forma zwi\u0119kszenia efektywno\u015bci energetycznej. Dzisiaj przyjrzymy si\u0119 co dok\u0142adnie wprowadza. W drugiej cz\u0119\u015bci artyku\u0142u podejmiemy pr\u00f3b\u0119 analizy tekstu \u017ar\u00f3d\u0142owego oraz wyci\u0105gn\u0105\u0107 wnioski.&nbsp;<\/p>\n\n\n\n<figure class=\"wp-block-image size-large\"><img loading=\"lazy\" decoding=\"async\" width=\"724\" height=\"1024\" src=\"https:\/\/bcu.opole.pl\/bcu1\/wp-content\/uploads\/sites\/3\/2025\/11\/Zdjecie-pogladowe-724x1024.png\" alt=\"\" class=\"wp-image-1292\" \/><figcaption class=\"wp-element-caption\">zdj\u0119cie pogl\u0105dowe wykonane dzi\u0119ki AI<\/figcaption><\/figure>\n\n\n\n<p>Projekt ma na celu wdro\u017cenie niezb\u0119dnych \u015brodk\u00f3w s\u0142u\u017c\u0105cych wspieraniu efektywno\u015bci energetycznej, zapewniaj\u0105cych osi\u0105gni\u0119cie cel\u00f3w w zakresie efektywno\u015bci energetycznej na 2030 r. wynikaj\u0105cych z dyrektywy 2023\/1791 oraz dalsz\u0105 popraw\u0119 efektywno\u015bci energetycznej po roku 2030, tj. w szczeg\u00f3lno\u015bci:1) Systemowo-sektorowe wdro\u017cenie zasady \u201eefektywno\u015b\u0107 energetyczna przede wszystkim\u201d \u2013 art. 3 dyrektywy 2023\/1791<\/p>\n\n\n\n<p><br>W projekcie uwzgl\u0119dniony zostanie obowi\u0105zek stosowania zasady \u201eefektywno\u015b\u0107 energetyczna przede wszystkim\u201d przez dodanie przepisu zobowi\u0105zuj\u0105cego inwestora do wykonania analizy rozwi\u0105za\u0144 w zakresie efektywno\u015bci energetycznej w przypadku realizacji przedsi\u0119wzi\u0119\u0107 lub inwestycji przewy\u017cszaj\u0105cych bud\u017cet 100 mln euro (175 mln euro w przypadku projekt\u00f3w infrastruktury transportowej). Wykonywanie analizy b\u0119dzie dotyczy\u0142o inwestycji (w ramach powy\u017cszego progu inwestycyjnego) we wszystkich sektorach gospodarki.<\/p>\n\n\n\n<p><br>2) Wdro\u017cenie celu zmniejszenia zu\u017cycia energii finalnej przez instytucje publiczne \u2013 art. 5 dyrektywy 2023\/1791<br><strong>Proponuje si\u0119 w szczeg\u00f3lno\u015bci na\u0142o\u017cenie obowi\u0105zku na instytucje publiczne w zakresie zmniejszenia zu\u017cycia ca\u0142kowitej energii finalnej o 1,9% rocznie w por\u00f3wnaniu z 2021 r. oraz wdro\u017cenie systemu monitorowania i raportowania obowi\u0105zk\u00f3w w tym zakresie.<\/strong><\/p>\n\n\n\n<p><br>3) Wyznaczenie nowego krajowego celu oszcz\u0119dno\u015bci energii finalnej, w tym podcelu uzyskania oszcz\u0119dno\u015bci energii finalnej w obszarze ub\u00f3stwa energetycznego \u2013 art. 8 dyrektywy 2023\/1791<\/p>\n\n\n\n<p><br>W Polsce od 2021 r. obowi\u0105zek osi\u0105gni\u0119cia wymaganego poziomu skumulowanych oszcz\u0119dno\u015bci ko\u0144cowego zu\u017cycia energii jest realizowany za pomoc\u0105 systemu zobowi\u0105zuj\u0105cego do efektywno\u015bci energetycznej (system \u015bwiadectw efektywno\u015bci energetycznej) oraz alternatywnych \u015brodk\u00f3w z dziedziny polityki. Od 2024 roku Polska b\u0119dzie kontynuowa\u0107 ww. podej\u015bcie w realizacji nowego celu wynikaj\u0105cego z art. 8 ust. 1 dyrektywy 2023\/1791.<br>4) Modyfikacje mechanizm\u00f3w s\u0142u\u017c\u0105cych realizacji krajowego celu w zakresie oszcz\u0119dno\u015bci energii finalnej \u2013 art. 9 i 10 dyrektywy 2023\/1791<\/p>\n\n\n\n<p><br>Proponuje si\u0119 modyfikacj\u0119 systemu \u015bwiadectw efektywno\u015bci energetycznej, obejmuj\u0105c\u0105 w szczeg\u00f3lno\u015bci: usprawnienie zasad obliczania oszcz\u0119dno\u015bci energii oraz weryfikacji i kontroli osi\u0105gni\u0119tych oszcz\u0119dno\u015bci energii, w tym:<br>&#8211; ustanowienie zawodu regulowanego audytora efektywno\u015bci energetycznej i tym samym przeniesienie ci\u0119\u017caru weryfikacji audyt\u00f3w z URE na audytor\u00f3w, co w konsekwencji nie tylko usprawni proces ich weryfikacji, ale r\u00f3wnie\u017c przyczyni si\u0119 do poprawy jako\u015bci audyt\u00f3w efektywno\u015bci energetycznej,<br>&#8211; cyfryzacj\u0119 systemu \u015bwiadectw efektywno\u015bci energetycznej.<br>Dodatkowo przewiduje si\u0119 modyfikacje Centralnego Rejestru Oszcz\u0119dno\u015bci Energii Finalnej (CROEF), w tym:<br>&#8211; zapewnienie funkcjonowania CROEF w d\u0142ugiej perspektywie czasowej,<br>&#8211; uporz\u0105dkowanie sposobu wpisu os\u00f3b upowa\u017cnionych przez osoby uprawnione do CROEF,<br>&#8211; rozszerzenie zakresu informacji gromadzonych w rejestrze w celu nale\u017cytego uwierzytelnienia os\u00f3b wprowadzaj\u0105cych dane do CROEF,<br>&#8211; rozszerzenie zakresu informacji gromadzonych w rejestrze w celu wykazania \u0142\u0105cznej sumy osi\u0105gni\u0119tych oszcz\u0119dno\u015bci energii finalnej, raportowanych w ramach realizacji krajowego celu oszcz\u0119dno\u015bci energii finalnej, pochodz\u0105cych ze \u015brodk\u00f3w alternatywnych oraz ze \u015bwiadectw efektywno\u015bci energetycznej.<\/p>\n\n\n\n<p><br>5) Obowi\u0105zki dla przedsi\u0119biorstw w zakresie przeprowadzania audytu energetycznego przedsi\u0119biorstwa, wdra\u017cania systemu zarz\u0105dzania energi\u0105 oraz raportowania w zakresie zu\u017cycia energii \u2013 art. 11 i 12 dyrektywy 2023\/1791<br>Proponuje si\u0119 nast\u0119puj\u0105ce rozwi\u0105zania:<br>&#8211; wprowadzenie przepisu nak\u0142adaj\u0105cego obowi\u0105zek wdro\u017cenia certyfikowanego systemu zarz\u0105dzania energi\u0105 na przedsi\u0119biorstwa, kt\u00f3rych \u015brednie roczne zu\u017cycie energii w ci\u0105gu ostatnich 3 lat, przy uwzgl\u0119dnieniu wszystkich no\u015bnik\u00f3w energii, przekroczy\u0142o 23,61 GWh (85 TJ),<br>&#8211; wprowadzenie modyfikacji istniej\u0105cych przepis\u00f3w w zakresie obowi\u0105zku przeprowadzenia audytu energetycznego do przedsi\u0119biorstw, kt\u00f3rych \u015brednie roczne zu\u017cycie energii w ci\u0105gu ostatnich 3 lat, przy uwzgl\u0119dnieniu wszystkich no\u015bnik\u00f3w energii, przekroczy\u0142o 2,78 GWh (10 TJ),<br>&#8211; wprowadzenie przepis\u00f3w zobowi\u0105zuj\u0105cych do przekazywania informacji o zu\u017cyciu energii przedsi\u0119biorstwa, kt\u00f3rych \u015brednie roczne zu\u017cycie energii w ci\u0105gu ostatnich 3 lat, przy uwzgl\u0119dnieniu wszystkich no\u015bnik\u00f3w energii, przekroczy\u0142o 2,78 GWh (10 TJ),<br>&#8211; modyfikacj\u0119 art. 37 ustawy o efektywno\u015bci energetycznej w zakresie aktualizacji wymaga\u0144 dla audyt\u00f3w energetycznych przedsi\u0119biorstw o wymagania wskazane w za\u0142\u0105czniku VI do dyrektywy 2023\/1791.<br>&#8211; wprowadzenie przepis\u00f3w, zgodnie z kt\u00f3rymi w\u0142a\u015bciciele i operatorzy o\u015brodk\u00f3w przetwarzania danych o zapotrzebowaniu zainstalowanej infrastruktury informatycznej na energi\u0119 elektryczn\u0105 wynosz\u0105cym powy\u017cej 500 kW zobowi\u0105zani s\u0105 do podawania do publicznej wiadomo\u015bci informacji dotycz\u0105cych charakterystyki energetycznej o\u015brodk\u00f3w przetwarzania danych zgodnych z za\u0142\u0105cznikiem VII do dyrektywy 2023\/1791.<\/p>\n\n\n\n<p><br>6) Wprowadzenie systemu kwalifikacji, akredytacji i certyfikacji dla zawodu audytora energetycznego oraz dostawc\u00f3w us\u0142ug zwi\u0105zanych ze zu\u017cyciem energii \u2013 art. 28 dyrektywy 2023\/1791<br>Proponuje si\u0119 w projekcie wprowadzenie przepis\u00f3w w zakresie nowego zawodu regulowanego, tj. audytora efektywno\u015bci energetycznej. Uprawnienia te b\u0119d\u0105 nadawane osobom po uzyskaniu pozytywnego wyniku z egzaminu kwalifikacyjnego.<br>Osi\u0105gni\u0119cie celu proponowanej regulacji nie jest mo\u017cliwe za pomoc\u0105 innych \u015brodk\u00f3w ni\u017c wydanie przedmiotowego aktu prawnego.<\/p>\n\n\n\n<p>Jak wida\u0107 jest to du\u017cy projekt kt\u00f3ry zmieni w bardzo du\u017cym stopniu gospodarowanie energi\u0105. W drugiej cz\u0119\u015bci opisz\u0119 jak bardzo zmieni to \u015brodowisko prawne w jakim \u017cyjemy i co dok\u0142adnie przyniesie dla elektromobilno\u015bci.&nbsp;<\/p>\n","protected":false},"excerpt":{"rendered":"<p>Czy nadchodzi zmiana dla elektromobilno\u015bci? Czy mo\u017cliwa zmiana ustawy o efektywno\u015bci energetycznej zrobi rewolucj\u0119? cz.1 Niedawno na portalu Rz\u0105dowego Centrum Legislacji zosta\u0142 opublikowany projekt ustawy o zmianie ustawy o efektywno\u015bci energetycznej i innych ustaw.&nbsp; Jest to o tyle wa\u017cne, \u017ce cz\u0119\u015bci\u0105 tego projektu jest m.in wdra\u017canie transportu elektrycznego do firm jako forma zwi\u0119kszenia efektywno\u015bci energetycznej. [&hellip;]<\/p>\n","protected":false},"author":19,"featured_media":1292,"comment_status":"closed","ping_status":"open","sticky":false,"template":"","format":"standard","meta":{"_et_pb_use_builder":"","_et_pb_old_content":"","_et_gb_content_width":"","footnotes":""},"categories":[1],"tags":[],"class_list":["post-1291","post","type-post","status-publish","format-standard","has-post-thumbnail","hentry","category-bez-kategorii"],"aioseo_notices":[],"_links":{"self":[{"href":"https:\/\/bcu.opole.pl\/bcu1\/wp-json\/wp\/v2\/posts\/1291","targetHints":{"allow":["GET"]}}],"collection":[{"href":"https:\/\/bcu.opole.pl\/bcu1\/wp-json\/wp\/v2\/posts"}],"about":[{"href":"https:\/\/bcu.opole.pl\/bcu1\/wp-json\/wp\/v2\/types\/post"}],"author":[{"embeddable":true,"href":"https:\/\/bcu.opole.pl\/bcu1\/wp-json\/wp\/v2\/users\/19"}],"replies":[{"embeddable":true,"href":"https:\/\/bcu.opole.pl\/bcu1\/wp-json\/wp\/v2\/comments?post=1291"}],"version-history":[{"count":1,"href":"https:\/\/bcu.opole.pl\/bcu1\/wp-json\/wp\/v2\/posts\/1291\/revisions"}],"predecessor-version":[{"id":1293,"href":"https:\/\/bcu.opole.pl\/bcu1\/wp-json\/wp\/v2\/posts\/1291\/revisions\/1293"}],"wp:featuredmedia":[{"embeddable":true,"href":"https:\/\/bcu.opole.pl\/bcu1\/wp-json\/wp\/v2\/media\/1292"}],"wp:attachment":[{"href":"https:\/\/bcu.opole.pl\/bcu1\/wp-json\/wp\/v2\/media?parent=1291"}],"wp:term":[{"taxonomy":"category","embeddable":true,"href":"https:\/\/bcu.opole.pl\/bcu1\/wp-json\/wp\/v2\/categories?post=1291"},{"taxonomy":"post_tag","embeddable":true,"href":"https:\/\/bcu.opole.pl\/bcu1\/wp-json\/wp\/v2\/tags?post=1291"}],"curies":[{"name":"wp","href":"https:\/\/api.w.org\/{rel}","templated":true}]}}