{"id":1265,"date":"2025-11-25T15:40:06","date_gmt":"2025-11-25T14:40:06","guid":{"rendered":"https:\/\/bcu.opole.pl\/bcu1\/?p=1265"},"modified":"2025-11-26T09:14:39","modified_gmt":"2025-11-26T08:14:39","slug":"spotkanie-z-przemyslem-5","status":"publish","type":"post","link":"https:\/\/bcu.opole.pl\/bcu1\/2025\/11\/25\/spotkanie-z-przemyslem-5\/","title":{"rendered":"Spotkanie z przemys\u0142em"},"content":{"rendered":"\n<figure class=\"wp-block-image size-full\"><img loading=\"lazy\" decoding=\"async\" width=\"980\" height=\"471\" src=\"https:\/\/bcu.opole.pl\/bcu1\/wp-content\/uploads\/sites\/3\/2025\/11\/przemysl-980x471v2.jpg\" alt=\"\" class=\"wp-image-1280\" srcset=\"https:\/\/bcu.opole.pl\/bcu1\/wp-content\/uploads\/sites\/3\/2025\/11\/przemysl-980x471v2.jpg 980w, https:\/\/bcu.opole.pl\/bcu1\/wp-content\/uploads\/sites\/3\/2025\/11\/przemysl-980x471v2-480x231.jpg 480w\" sizes=\"(min-width: 0px) and (max-width: 480px) 480px, (min-width: 481px) 980px, 100vw\" \/><\/figure>\n\n\n\n<p>Zapraszamy na kolejn\u0105 ods\u0142on\u0119 Spotkania z przemys\u0142em. Tym razem go\u015bciem b\u0119dzie S<strong>ebastian Szic<\/strong>: lider i przedsi\u0119biorca z bran\u017cy motoryzacyjnej, pe\u0142ni\u0105cy funkcj\u0119 CEO w firmie SZIC sp. z o.o. z siedzib\u0105 w Opolu. <br><br>Pochodz\u0105cy z rodziny z d\u0142ugoletni\u0105 tradycj\u0105 dealersk\u0105, Sebastian zdobywa\u0142 do\u015bwiadczenie na r\u00f3\u017cnych stanowiskach w firmie, by dzi\u015b z sukcesem kierowa\u0107 jej rozwojem i \u015bwiadczy\u0107 us\u0142ugi na najwy\u017cszym poziomie w zakresie sprzeda\u017cy i serwisu aut marek KIA, OMODA oraz Mitsubishi. Jego strategiczne podej\u015bcie, kreatywno\u015b\u0107 oraz zaanga\u017cowanie przyczyni\u0142y si\u0119 do licznych bran\u017cowych wyr\u00f3\u017cnie\u0144 i ugruntowa\u0142y pozycj\u0119 firmy jako jednej z najwa\u017cniejszych na lokalnym rynku motoryzacyjnym. Sebastian aktywnie wspiera rozw\u00f3j elektromobilno\u015bci oraz promuje indywidualne podej\u015bcie do klienta, co czyni go cenionym ekspertem i autorytetem w sektorze automotive.<\/p>\n\n\n\n<p class=\"has-black-color has-text-color has-link-color wp-elements-604edc845f75e6f0e79356a3f32b2abe\">Temat prelekcji to: <strong><strong>Zarz\u0105dzanie ofert\u0105 pojazd\u00f3w elektrycznych: budowanie przewagi konkurencyjnej salonu<\/strong><\/strong>.<br><\/p>\n\n\n\n<p class=\"has-vivid-red-color has-text-color has-link-color wp-elements-b854450154d66b3403346cfdfe9e5ff6\"><strong>Spotkanie odb\u0119dzie si\u0119 w PNT w Opolu o godzinie 13:00.<\/strong><\/p>\n\n\n\n<p class=\"has-medium-font-size\"><strong>Harmonogram wydarzenia:<\/strong><\/p>\n\n\n\n<p><\/p>\n\n\n\n<ol class=\"wp-block-list\">\n<li><strong>Rejestracja uczestnik\u00f3w<\/strong><br>Czas: 12:30 \u2013 13:00<\/li>\n\n\n\n<li class=\"has-small-font-size\"><strong>Prezentacja: \u201eZarz\u0105dzanie ofert\u0105 pojazd\u00f3w elektrycznych: budowanie przewagi konkurencyjnej salonu\u201d<\/strong><br><strong>Prelegent:<\/strong> Prezes Sebastian Szic<br>Czas: 13:00 \u2013 13:45<br><strong>Dyskusyjny i sesja Q&amp;A<\/strong><\/li>\n\n\n\n<li><strong>Zako\u0144czenie<\/strong><\/li>\n<\/ol>\n\n\n\n<p>Link do wydarzenia: <a href=\"https:\/\/bcu.opole.pl\/bcu1\/spotkania-z-przemyslem\/\">SPOTKANIA Z PRZEMYS\u0141EM &#8211; BCU 1 Opole<\/a><\/p>\n\n\n\n<figure class=\"wp-block-image size-medium\"><img loading=\"lazy\" decoding=\"async\" width=\"300\" height=\"300\" src=\"https:\/\/bcu.opole.pl\/bcu1\/wp-content\/uploads\/sites\/3\/2025\/11\/szic-300x300.jpg\" alt=\"\" class=\"wp-image-1273\"\/><\/figure>\n","protected":false},"excerpt":{"rendered":"<p>Zapraszamy na kolejn\u0105 ods\u0142on\u0119 Spotkania z przemys\u0142em. Tym razem go\u015bciem b\u0119dzie Sebastian Szic: lider i przedsi\u0119biorca z bran\u017cy motoryzacyjnej, pe\u0142ni\u0105cy funkcj\u0119 CEO w firmie SZIC sp. z o.o. z siedzib\u0105 w Opolu. Pochodz\u0105cy z rodziny z d\u0142ugoletni\u0105 tradycj\u0105 dealersk\u0105, Sebastian zdobywa\u0142 do\u015bwiadczenie na r\u00f3\u017cnych stanowiskach w firmie, by dzi\u015b z sukcesem kierowa\u0107 jej rozwojem i [&hellip;]<\/p>\n","protected":false},"author":4,"featured_media":1266,"comment_status":"closed","ping_status":"open","sticky":false,"template":"","format":"standard","meta":{"_et_pb_use_builder":"","_et_pb_old_content":"","_et_gb_content_width":"","footnotes":""},"categories":[1],"tags":[],"class_list":["post-1265","post","type-post","status-publish","format-standard","has-post-thumbnail","hentry","category-bez-kategorii"],"aioseo_notices":[],"_links":{"self":[{"href":"https:\/\/bcu.opole.pl\/bcu1\/wp-json\/wp\/v2\/posts\/1265","targetHints":{"allow":["GET"]}}],"collection":[{"href":"https:\/\/bcu.opole.pl\/bcu1\/wp-json\/wp\/v2\/posts"}],"about":[{"href":"https:\/\/bcu.opole.pl\/bcu1\/wp-json\/wp\/v2\/types\/post"}],"author":[{"embeddable":true,"href":"https:\/\/bcu.opole.pl\/bcu1\/wp-json\/wp\/v2\/users\/4"}],"replies":[{"embeddable":true,"href":"https:\/\/bcu.opole.pl\/bcu1\/wp-json\/wp\/v2\/comments?post=1265"}],"version-history":[{"count":9,"href":"https:\/\/bcu.opole.pl\/bcu1\/wp-json\/wp\/v2\/posts\/1265\/revisions"}],"predecessor-version":[{"id":1290,"href":"https:\/\/bcu.opole.pl\/bcu1\/wp-json\/wp\/v2\/posts\/1265\/revisions\/1290"}],"wp:featuredmedia":[{"embeddable":true,"href":"https:\/\/bcu.opole.pl\/bcu1\/wp-json\/wp\/v2\/media\/1266"}],"wp:attachment":[{"href":"https:\/\/bcu.opole.pl\/bcu1\/wp-json\/wp\/v2\/media?parent=1265"}],"wp:term":[{"taxonomy":"category","embeddable":true,"href":"https:\/\/bcu.opole.pl\/bcu1\/wp-json\/wp\/v2\/categories?post=1265"},{"taxonomy":"post_tag","embeddable":true,"href":"https:\/\/bcu.opole.pl\/bcu1\/wp-json\/wp\/v2\/tags?post=1265"}],"curies":[{"name":"wp","href":"https:\/\/api.w.org\/{rel}","templated":true}]}}