{"id":1252,"date":"2025-11-19T13:20:16","date_gmt":"2025-11-19T12:20:16","guid":{"rendered":"https:\/\/bcu.opole.pl\/bcu1\/?p=1252"},"modified":"2025-11-19T13:20:34","modified_gmt":"2025-11-19T12:20:34","slug":"spotkanie-z-przemyslem-4","status":"publish","type":"post","link":"https:\/\/bcu.opole.pl\/bcu1\/2025\/11\/19\/spotkanie-z-przemyslem-4\/","title":{"rendered":"Spotkanie z Przemys\u0142em"},"content":{"rendered":"\n<figure class=\"wp-block-image size-large\"><img loading=\"lazy\" decoding=\"async\" width=\"1024\" height=\"576\" src=\"https:\/\/bcu.opole.pl\/bcu1\/wp-content\/uploads\/sites\/3\/2025\/11\/spotkanie-z-przemyslem1-1024x576.jpg\" alt=\"\" class=\"wp-image-1253\" srcset=\"https:\/\/bcu.opole.pl\/bcu1\/wp-content\/uploads\/sites\/3\/2025\/11\/spotkanie-z-przemyslem1-980x551.jpg 980w, https:\/\/bcu.opole.pl\/bcu1\/wp-content\/uploads\/sites\/3\/2025\/11\/spotkanie-z-przemyslem1-480x270.jpg 480w\" sizes=\"(min-width: 0px) and (max-width: 480px) 480px, (min-width: 481px) and (max-width: 980px) 980px, (min-width: 981px) 1024px, 100vw\" \/><\/figure>\n\n\n\n<p>Zapraszamy na kolejn\u0105 edycj\u0119 Spotkania z Przemys\u0142em. Tym razem w ramach \u015awiatowego Tygodnia Przedsi\u0119biorczo\u015bci wyst\u0105pi dw\u00f3ch prelegent\u00f3w. <\/p>\n\n\n\n<p><strong>Konrad Ptasi\u0144ski<\/strong><br><em>Jak zarabia\u0107 na pomys\u0142ach? Biznes XXI wieku<\/em><\/p>\n\n\n\n<p>We wsp\u00f3\u0142czesnej gospodarce najwi\u0119ksze fortuny powstaj\u0105 nie z posiadania fabryk czy maszyn, ale z posiadania dobrych pomys\u0142\u00f3w i umiej\u0119tno\u015bci ich ochrony. Wyk\u0142ad w przyst\u0119pny spos\u00f3b wyja\u015bni, czym jest w\u0142asno\u015b\u0107 intelektualna i dlaczego stanowi ona fundament wsp\u00f3\u0142czesnego biznesu technologicznego.<\/p>\n\n\n\n<p>Uczestnicy dowiedz\u0105 si\u0119, jak dzia\u0142a system ochrony patentowej, znak\u00f3w towarowych i wzor\u00f3w przemys\u0142owych, oraz jak przedsi\u0119biorcy wykorzystuj\u0105 te narz\u0119dzia do budowania przewagi konkurencyjnej. Na konkretnych przyk\u0142adach zostan\u0105 przedstawione r\u00f3\u017cne modele biznesowe oparte na innowacjach \u2013 od startupu technologicznego, przez licencjonowanie rozwi\u0105za\u0144, po strategi\u0119 patentow\u0105 du\u017cych korporacji. Wyk\u0142ad poka\u017ce r\u00f3wnie\u017c, w jaki spos\u00f3b inwestycje w badania i rozw\u00f3j mog\u0105 przekszta\u0142ci\u0107 si\u0119 w realne zyski dzi\u0119ki odpowiedniej strategii ochrony prawnej.<\/p>\n\n\n\n<p><strong>Tomasz Ko\u0142\u0142\u0105taj<\/strong><br><em>Software-defined vehicles (SDVs) w jaki spos\u00f3b wdra\u017cane jest oprogramowanie w motoryzacji<\/em><\/p>\n\n\n\n<p>Spotkania odb\u0119d\u0105 si\u0119 w PNT w Opolu. Start: godz. 12:00. <br><br><\/p>\n\n\n\n<p><\/p>\n","protected":false},"excerpt":{"rendered":"<p>Zapraszamy na kolejn\u0105 edycj\u0119 Spotkania z Przemys\u0142em. Tym razem w ramach \u015awiatowego Tygodnia Przedsi\u0119biorczo\u015bci wyst\u0105pi dw\u00f3ch prelegent\u00f3w. Konrad Ptasi\u0144skiJak zarabia\u0107 na pomys\u0142ach? Biznes XXI wieku We wsp\u00f3\u0142czesnej gospodarce najwi\u0119ksze fortuny powstaj\u0105 nie z posiadania fabryk czy maszyn, ale z posiadania dobrych pomys\u0142\u00f3w i umiej\u0119tno\u015bci ich ochrony. Wyk\u0142ad w przyst\u0119pny spos\u00f3b wyja\u015bni, czym jest w\u0142asno\u015b\u0107 intelektualna [&hellip;]<\/p>\n","protected":false},"author":4,"featured_media":1253,"comment_status":"closed","ping_status":"open","sticky":false,"template":"","format":"standard","meta":{"_et_pb_use_builder":"","_et_pb_old_content":"","_et_gb_content_width":"","footnotes":""},"categories":[1],"tags":[],"class_list":["post-1252","post","type-post","status-publish","format-standard","has-post-thumbnail","hentry","category-bez-kategorii"],"aioseo_notices":[],"_links":{"self":[{"href":"https:\/\/bcu.opole.pl\/bcu1\/wp-json\/wp\/v2\/posts\/1252","targetHints":{"allow":["GET"]}}],"collection":[{"href":"https:\/\/bcu.opole.pl\/bcu1\/wp-json\/wp\/v2\/posts"}],"about":[{"href":"https:\/\/bcu.opole.pl\/bcu1\/wp-json\/wp\/v2\/types\/post"}],"author":[{"embeddable":true,"href":"https:\/\/bcu.opole.pl\/bcu1\/wp-json\/wp\/v2\/users\/4"}],"replies":[{"embeddable":true,"href":"https:\/\/bcu.opole.pl\/bcu1\/wp-json\/wp\/v2\/comments?post=1252"}],"version-history":[{"count":1,"href":"https:\/\/bcu.opole.pl\/bcu1\/wp-json\/wp\/v2\/posts\/1252\/revisions"}],"predecessor-version":[{"id":1254,"href":"https:\/\/bcu.opole.pl\/bcu1\/wp-json\/wp\/v2\/posts\/1252\/revisions\/1254"}],"wp:featuredmedia":[{"embeddable":true,"href":"https:\/\/bcu.opole.pl\/bcu1\/wp-json\/wp\/v2\/media\/1253"}],"wp:attachment":[{"href":"https:\/\/bcu.opole.pl\/bcu1\/wp-json\/wp\/v2\/media?parent=1252"}],"wp:term":[{"taxonomy":"category","embeddable":true,"href":"https:\/\/bcu.opole.pl\/bcu1\/wp-json\/wp\/v2\/categories?post=1252"},{"taxonomy":"post_tag","embeddable":true,"href":"https:\/\/bcu.opole.pl\/bcu1\/wp-json\/wp\/v2\/tags?post=1252"}],"curies":[{"name":"wp","href":"https:\/\/api.w.org\/{rel}","templated":true}]}}