{"id":1222,"date":"2025-11-12T09:30:19","date_gmt":"2025-11-12T08:30:19","guid":{"rendered":"https:\/\/bcu.opole.pl\/bcu1\/?p=1222"},"modified":"2025-12-03T13:12:17","modified_gmt":"2025-12-03T12:12:17","slug":"zapisy-na-kursy-z-elektromobilnosci-2025","status":"publish","type":"post","link":"https:\/\/bcu.opole.pl\/bcu1\/2025\/11\/12\/zapisy-na-kursy-z-elektromobilnosci-2025\/","title":{"rendered":"Zapisy na kursy z elektromobilno\u015bci 2025"},"content":{"rendered":"\n<h2 class=\"wp-block-heading\">Trwaj\u0105 zapisy na kursy z elektromobilno\u015bci dla os\u00f3b pomi\u0119dzy 25-64 rokiem \u017cycia.<\/h2>\n\n\n<figure class=\"wp-block-post-featured-image\"><img loading=\"lazy\" decoding=\"async\" width=\"1472\" height=\"832\" src=\"https:\/\/bcu.opole.pl\/bcu1\/wp-content\/uploads\/sites\/3\/2025\/11\/harmonogram-szkolen.png\" class=\"attachment-post-thumbnail size-post-thumbnail wp-post-image\" alt=\"\" style=\"object-fit:cover;\" srcset=\"https:\/\/bcu.opole.pl\/bcu1\/wp-content\/uploads\/sites\/3\/2025\/11\/harmonogram-szkolen.png 1472w, https:\/\/bcu.opole.pl\/bcu1\/wp-content\/uploads\/sites\/3\/2025\/11\/harmonogram-szkolen-1280x723.png 1280w, https:\/\/bcu.opole.pl\/bcu1\/wp-content\/uploads\/sites\/3\/2025\/11\/harmonogram-szkolen-980x554.png 980w, https:\/\/bcu.opole.pl\/bcu1\/wp-content\/uploads\/sites\/3\/2025\/11\/harmonogram-szkolen-480x271.png 480w\" sizes=\"(min-width: 0px) and (max-width: 480px) 480px, (min-width: 481px) and (max-width: 980px) 980px, (min-width: 981px) and (max-width: 1280px) 1280px, (min-width: 1281px) 1472px, 100vw\" \/><\/figure>\n\n\n<p><strong>Ostatni termin w tym roku, \u017ceby skorzysta\u0107 z darmowego kursu w ramach projektu wsp\u00f3\u0142finansowanego ze \u015brodk\u00f3w Unii Europejskiej w ramach KPO.<\/strong><\/p>\n\n\n\n<p>Informacje pod nr tel. 77 4231675 wew. 51 lub kom. 516672139<\/p>\n\n\n\n<p><\/p>\n\n\n\n<div class=\"wp-block-buttons has-custom-font-size has-medium-font-size is-content-justification-center is-layout-flex wp-container-core-buttons-is-layout-16018d1d wp-block-buttons-is-layout-flex\">\n<div class=\"wp-block-button\"><a class=\"wp-block-button__link wp-element-button\" href=\"https:\/\/bcu.opole.pl\/bcu1\/formularz-zgloszeniowy-osoby-dorosle\/\"><strong>FORMULARZ ZG\u0141OSZENIOWY<\/strong><\/a><\/div>\n<\/div>\n","protected":false},"excerpt":{"rendered":"<p>Trwaj\u0105 zapisy na kursy z elektromobilno\u015bci dla os\u00f3b pomi\u0119dzy 25-64 rokiem \u017cycia. Ostatni termin w tym roku, \u017ceby skorzysta\u0107 z darmowego kursu w ramach projektu wsp\u00f3\u0142finansowanego ze \u015brodk\u00f3w Unii Europejskiej w ramach KPO. Informacje pod nr tel. 77 4231675 wew. 51 lub kom. 516672139<\/p>\n","protected":false},"author":17,"featured_media":1304,"comment_status":"closed","ping_status":"open","sticky":false,"template":"","format":"standard","meta":{"_et_pb_use_builder":"","_et_pb_old_content":"","_et_gb_content_width":"","footnotes":""},"categories":[1],"tags":[],"class_list":["post-1222","post","type-post","status-publish","format-standard","has-post-thumbnail","hentry","category-bez-kategorii"],"aioseo_notices":[],"_links":{"self":[{"href":"https:\/\/bcu.opole.pl\/bcu1\/wp-json\/wp\/v2\/posts\/1222","targetHints":{"allow":["GET"]}}],"collection":[{"href":"https:\/\/bcu.opole.pl\/bcu1\/wp-json\/wp\/v2\/posts"}],"about":[{"href":"https:\/\/bcu.opole.pl\/bcu1\/wp-json\/wp\/v2\/types\/post"}],"author":[{"embeddable":true,"href":"https:\/\/bcu.opole.pl\/bcu1\/wp-json\/wp\/v2\/users\/17"}],"replies":[{"embeddable":true,"href":"https:\/\/bcu.opole.pl\/bcu1\/wp-json\/wp\/v2\/comments?post=1222"}],"version-history":[{"count":6,"href":"https:\/\/bcu.opole.pl\/bcu1\/wp-json\/wp\/v2\/posts\/1222\/revisions"}],"predecessor-version":[{"id":1250,"href":"https:\/\/bcu.opole.pl\/bcu1\/wp-json\/wp\/v2\/posts\/1222\/revisions\/1250"}],"wp:featuredmedia":[{"embeddable":true,"href":"https:\/\/bcu.opole.pl\/bcu1\/wp-json\/wp\/v2\/media\/1304"}],"wp:attachment":[{"href":"https:\/\/bcu.opole.pl\/bcu1\/wp-json\/wp\/v2\/media?parent=1222"}],"wp:term":[{"taxonomy":"category","embeddable":true,"href":"https:\/\/bcu.opole.pl\/bcu1\/wp-json\/wp\/v2\/categories?post=1222"},{"taxonomy":"post_tag","embeddable":true,"href":"https:\/\/bcu.opole.pl\/bcu1\/wp-json\/wp\/v2\/tags?post=1222"}],"curies":[{"name":"wp","href":"https:\/\/api.w.org\/{rel}","templated":true}]}}