{"id":1156,"date":"2025-10-24T10:13:52","date_gmt":"2025-10-24T08:13:52","guid":{"rendered":"https:\/\/bcu.opole.pl\/bcu1\/?p=1156"},"modified":"2025-10-24T10:14:17","modified_gmt":"2025-10-24T08:14:17","slug":"branzowe-centrum-oficjalnie-otwarte","status":"publish","type":"post","link":"https:\/\/bcu.opole.pl\/bcu1\/2025\/10\/24\/branzowe-centrum-oficjalnie-otwarte\/","title":{"rendered":"Bran\u017cowe Centrum Umiej\u0119tno\u015bci oficjalnie otwarte"},"content":{"rendered":"\n<figure class=\"wp-block-image size-large\"><img loading=\"lazy\" decoding=\"async\" width=\"1024\" height=\"768\" src=\"https:\/\/bcu.opole.pl\/bcu1\/wp-content\/uploads\/sites\/3\/2025\/10\/bcu1-1024x768.jpg\" alt=\"otwarcie bcu\" class=\"wp-image-1157\" srcset=\"https:\/\/bcu.opole.pl\/bcu1\/wp-content\/uploads\/sites\/3\/2025\/10\/bcu1-980x735.jpg 980w, https:\/\/bcu.opole.pl\/bcu1\/wp-content\/uploads\/sites\/3\/2025\/10\/bcu1-480x360.jpg 480w\" sizes=\"(min-width: 0px) and (max-width: 480px) 480px, (min-width: 481px) and (max-width: 980px) 980px, (min-width: 981px) 1024px, 100vw\" \/><\/figure>\n\n\n\n<p>Bran\u017cowe Centrum Umiej\u0119tno\u015bci w zakresie motoryzacji zosta\u0142o oficjalnie otwarte.<br><br>Nowe centrum przy ul. Torowej to miejsce, w kt\u00f3rym uczniowie, nauczyciele i specjali\u015bci z bran\u017cy b\u0119d\u0105 mogli zdobywa\u0107 praktyczne umiej\u0119tno\u015bci zwi\u0105zane z obs\u0142ug\u0105 i diagnostyk\u0105 pojazd\u00f3w elektrycznych, hybrydowych i wodorowych. Do nauki wykorzystane zostan\u0105 m.in. <strong>Toyota Mirai<\/strong>, <strong>Kia EV6<\/strong> i <strong>hybrydowa Kia<\/strong>, dzi\u0119ki czemu szkolenia b\u0119d\u0105 oparte na realnych rozwi\u0105zaniach stosowanych w nowoczesnej motoryzacji.<br><br>Inwestycja o warto\u015bci blisko 20 milion\u00f3w z\u0142otych, z czego 16 milion\u00f3w pochodzi z Krajowego Planu Odbudowy, powsta\u0142a w mniej ni\u017c rok. Serdeczne gratulacje dla ca\u0142ego zespo\u0142u odpowiedzialnego za ten projekt &#8211; Urz\u0119du Miasta Opola, Zespo\u0142u Plac\u00f3wek Opieku\u0144czych w Opolu, Polska Izbra Rozwoju Elektromobilno\u015bci. Park Naukowo-Technologiczny  w Opolu jest partnerem dodatkowym projektu.<br><br>To pocz\u0105tek dzia\u0142alno\u015bci centrum. Trwa rekrutacja na szkolenia <a href=\"http:\/\/m.in\">m.in<\/a> z budowy pojazd\u00f3w elektrycznych (BEV) i pojazd\u00f3w wodorowych (FCEV).<br><br>Wi\u0119cej informacji: <a href=\"https:\/\/nto.pl\/branzowe-centrum-umiejetnosci-w-opolu-otwarte-to-jedyne-takie-miejsce-w-polsce\/ar\/c1p2-28106391\">https:\/\/nto.pl\/branzowe-centrum-umiejetnosci-w-opolu-otwarte-to-jedyne-takie-miejsce-w-polsce\/ar\/c1p2-28106391<\/a><\/p>\n\n\n\n<p><a href=\"https:\/\/www.24opole.pl\/58615,Opole_otworzylo_nowoczesne_Branzowe_Centrum_Umiejetnosci._To_pierwsze_takie_miejsce_w_Polsce,wiadomosc.html\">https:\/\/www.24opole.pl\/58615,Opole_otworzylo_nowoczesne_Branzowe_Centrum_Umiejetnosci._To_pierwsze_takie_miejsce_w_Polsce,wiadomosc.html<\/a><\/p>\n\n\n\n<figure class=\"wp-block-embed is-type-video is-provider-youtube wp-block-embed-youtube wp-embed-aspect-16-9 wp-has-aspect-ratio\"><div class=\"wp-block-embed__wrapper\">\n<iframe loading=\"lazy\" title=\"Motoryzacyjne Bran\u017cowe Centrum Umiej\u0119tno\u015bci w Opolu otwarte #opole #bcu\" width=\"1080\" height=\"608\" src=\"https:\/\/www.youtube.com\/embed\/hU3XqW87mY4?feature=oembed\"  allow=\"accelerometer; autoplay; clipboard-write; encrypted-media; gyroscope; picture-in-picture; web-share\" referrerpolicy=\"strict-origin-when-cross-origin\" allowfullscreen><\/iframe>\n<\/div><\/figure>\n\n\n\n<figure class=\"wp-block-embed is-type-video is-provider-youtube wp-block-embed-youtube wp-embed-aspect-16-9 wp-has-aspect-ratio\"><div class=\"wp-block-embed__wrapper\">\n<iframe loading=\"lazy\" title=\"B\u0119d\u0105 uczy\u0107 si\u0119 serwisowa\u0107 elektryki. W Opolu dzia\u0142a Bran\u017cowe Centrum Umiej\u0119tno\u015bci\" width=\"1080\" height=\"608\" src=\"https:\/\/www.youtube.com\/embed\/RTMHAEZ0tcI?feature=oembed\"  allow=\"accelerometer; autoplay; clipboard-write; encrypted-media; gyroscope; picture-in-picture; web-share\" referrerpolicy=\"strict-origin-when-cross-origin\" allowfullscreen><\/iframe>\n<\/div><\/figure>\n","protected":false},"excerpt":{"rendered":"<p>Bran\u017cowe Centrum Umiej\u0119tno\u015bci w zakresie motoryzacji zosta\u0142o oficjalnie otwarte. Nowe centrum przy ul. Torowej to miejsce, w kt\u00f3rym uczniowie, nauczyciele i specjali\u015bci z bran\u017cy b\u0119d\u0105 mogli zdobywa\u0107 praktyczne umiej\u0119tno\u015bci zwi\u0105zane z obs\u0142ug\u0105 i diagnostyk\u0105 pojazd\u00f3w elektrycznych, hybrydowych i wodorowych. Do nauki wykorzystane zostan\u0105 m.in. Toyota Mirai, Kia EV6 i hybrydowa Kia, dzi\u0119ki czemu szkolenia b\u0119d\u0105 [&hellip;]<\/p>\n","protected":false},"author":4,"featured_media":1157,"comment_status":"closed","ping_status":"open","sticky":false,"template":"","format":"standard","meta":{"_et_pb_use_builder":"","_et_pb_old_content":"","_et_gb_content_width":"","footnotes":""},"categories":[1],"tags":[],"class_list":["post-1156","post","type-post","status-publish","format-standard","has-post-thumbnail","hentry","category-bez-kategorii"],"aioseo_notices":[],"_links":{"self":[{"href":"https:\/\/bcu.opole.pl\/bcu1\/wp-json\/wp\/v2\/posts\/1156","targetHints":{"allow":["GET"]}}],"collection":[{"href":"https:\/\/bcu.opole.pl\/bcu1\/wp-json\/wp\/v2\/posts"}],"about":[{"href":"https:\/\/bcu.opole.pl\/bcu1\/wp-json\/wp\/v2\/types\/post"}],"author":[{"embeddable":true,"href":"https:\/\/bcu.opole.pl\/bcu1\/wp-json\/wp\/v2\/users\/4"}],"replies":[{"embeddable":true,"href":"https:\/\/bcu.opole.pl\/bcu1\/wp-json\/wp\/v2\/comments?post=1156"}],"version-history":[{"count":2,"href":"https:\/\/bcu.opole.pl\/bcu1\/wp-json\/wp\/v2\/posts\/1156\/revisions"}],"predecessor-version":[{"id":1160,"href":"https:\/\/bcu.opole.pl\/bcu1\/wp-json\/wp\/v2\/posts\/1156\/revisions\/1160"}],"wp:featuredmedia":[{"embeddable":true,"href":"https:\/\/bcu.opole.pl\/bcu1\/wp-json\/wp\/v2\/media\/1157"}],"wp:attachment":[{"href":"https:\/\/bcu.opole.pl\/bcu1\/wp-json\/wp\/v2\/media?parent=1156"}],"wp:term":[{"taxonomy":"category","embeddable":true,"href":"https:\/\/bcu.opole.pl\/bcu1\/wp-json\/wp\/v2\/categories?post=1156"},{"taxonomy":"post_tag","embeddable":true,"href":"https:\/\/bcu.opole.pl\/bcu1\/wp-json\/wp\/v2\/tags?post=1156"}],"curies":[{"name":"wp","href":"https:\/\/api.w.org\/{rel}","templated":true}]}}