{"id":1107,"date":"2025-10-14T13:19:33","date_gmt":"2025-10-14T11:19:33","guid":{"rendered":"https:\/\/bcu.opole.pl\/bcu1\/?p=1107"},"modified":"2025-10-14T13:19:34","modified_gmt":"2025-10-14T11:19:34","slug":"spotkanie-z-przemyslem-3","status":"publish","type":"post","link":"https:\/\/bcu.opole.pl\/bcu1\/2025\/10\/14\/spotkanie-z-przemyslem-3\/","title":{"rendered":"Spotkanie z przemys\u0142em"},"content":{"rendered":"\n<figure class=\"wp-block-image size-large\"><img loading=\"lazy\" decoding=\"async\" width=\"1024\" height=\"576\" src=\"https:\/\/bcu.opole.pl\/bcu1\/wp-content\/uploads\/sites\/3\/2025\/10\/spotkania2-1-1024x576.jpg\" alt=\"\" class=\"wp-image-1108\" srcset=\"https:\/\/bcu.opole.pl\/bcu1\/wp-content\/uploads\/sites\/3\/2025\/10\/spotkania2-1-980x551.jpg 980w, https:\/\/bcu.opole.pl\/bcu1\/wp-content\/uploads\/sites\/3\/2025\/10\/spotkania2-1-480x270.jpg 480w\" sizes=\"(min-width: 0px) and (max-width: 480px) 480px, (min-width: 481px) and (max-width: 980px) 980px, (min-width: 981px) 1024px, 100vw\" \/><\/figure>\n\n\n\n<p>Przed nami kolejna, wyj\u0105tkowa ods\u0142ona Spotkania z Przemys\u0142em. Tym razem go\u015b\u0107mi specjalnymi wydarzenia b\u0119d\u0105: <\/p>\n\n\n\n<ul class=\"wp-block-list\">\n<li><strong>prof. dr hab. in\u017c. Jaros\u0142aw Mamala &#8211; <\/strong>Prezes Zarz\u0105du Parku Naukowo-Technologicznego, profesor nauk in\u017cynieryjno-technicznych zwi\u0105zany z Politechnik\u0105 Opolsk\u0105, autor i wsp\u00f3\u0142autor ponad 190 publikacji naukowych i 11 patent\u00f3w zwi\u0105zanych m.in. z motoryzacj\u0105 i silnikami spalinowymi<\/li>\n\n\n\n<li><strong>Wojciech Humeniuk <\/strong>&#8211; Global Project Manager w Ionway<\/li>\n<\/ul>\n\n\n\n<p>Spotkanie b\u0119dzie tak\u017ce okazj\u0105 do zwiedzenia nowoczesnych przestrzeni edukacyjnych dla elektromobilno\u015bci w <strong>Zespole Plac\u00f3wek Opieku\u0144czych w Opolu.<\/strong><br><br><strong>Spotkanie odb\u0119dzie si\u0119 23 pa\u017adziernika 2025 r. o godz. 10:00 w Zespole Palc\u00f3wek O\u015bwiatowych w Opolu, przy ul. Torowej 7.\u00a0\u00a0<\/strong><\/p>\n\n\n\n<p>Prosimy o potwierdzenie obecno\u015bci do 20 pa\u017adziernika 2025 roku pod numerem telefonu 884 883 958 lub mailowo: <a href=\"mailto:konferencja@pnt.opole.pl\">konferencja@pnt.opole.pl<\/a>.<br><br>Pe\u0142na agenda spotkania:<a href=\"https:\/\/bcu.opole.pl\/bcu1\/wydarzenia\/otwarcie-bcu\/\" target=\"_blank\" rel=\"noopener\" title=\"\"> https:\/\/bcu.opole.pl\/bcu1\/wydarzenia\/otwarcie-bcu\/<\/a><\/p>\n","protected":false},"excerpt":{"rendered":"<p>Przed nami kolejna, wyj\u0105tkowa ods\u0142ona Spotkania z Przemys\u0142em. Tym razem go\u015b\u0107mi specjalnymi wydarzenia b\u0119d\u0105: Spotkanie b\u0119dzie tak\u017ce okazj\u0105 do zwiedzenia nowoczesnych przestrzeni edukacyjnych dla elektromobilno\u015bci w Zespole Plac\u00f3wek Opieku\u0144czych w Opolu. Spotkanie odb\u0119dzie si\u0119 23 pa\u017adziernika 2025 r. o godz. 10:00 w Zespole Palc\u00f3wek O\u015bwiatowych w Opolu, przy ul. Torowej 7.\u00a0\u00a0 Prosimy o potwierdzenie obecno\u015bci [&hellip;]<\/p>\n","protected":false},"author":4,"featured_media":1108,"comment_status":"closed","ping_status":"open","sticky":false,"template":"","format":"standard","meta":{"_et_pb_use_builder":"","_et_pb_old_content":"","_et_gb_content_width":"","footnotes":""},"categories":[1],"tags":[],"class_list":["post-1107","post","type-post","status-publish","format-standard","has-post-thumbnail","hentry","category-bez-kategorii"],"aioseo_notices":[],"_links":{"self":[{"href":"https:\/\/bcu.opole.pl\/bcu1\/wp-json\/wp\/v2\/posts\/1107","targetHints":{"allow":["GET"]}}],"collection":[{"href":"https:\/\/bcu.opole.pl\/bcu1\/wp-json\/wp\/v2\/posts"}],"about":[{"href":"https:\/\/bcu.opole.pl\/bcu1\/wp-json\/wp\/v2\/types\/post"}],"author":[{"embeddable":true,"href":"https:\/\/bcu.opole.pl\/bcu1\/wp-json\/wp\/v2\/users\/4"}],"replies":[{"embeddable":true,"href":"https:\/\/bcu.opole.pl\/bcu1\/wp-json\/wp\/v2\/comments?post=1107"}],"version-history":[{"count":1,"href":"https:\/\/bcu.opole.pl\/bcu1\/wp-json\/wp\/v2\/posts\/1107\/revisions"}],"predecessor-version":[{"id":1111,"href":"https:\/\/bcu.opole.pl\/bcu1\/wp-json\/wp\/v2\/posts\/1107\/revisions\/1111"}],"wp:featuredmedia":[{"embeddable":true,"href":"https:\/\/bcu.opole.pl\/bcu1\/wp-json\/wp\/v2\/media\/1108"}],"wp:attachment":[{"href":"https:\/\/bcu.opole.pl\/bcu1\/wp-json\/wp\/v2\/media?parent=1107"}],"wp:term":[{"taxonomy":"category","embeddable":true,"href":"https:\/\/bcu.opole.pl\/bcu1\/wp-json\/wp\/v2\/categories?post=1107"},{"taxonomy":"post_tag","embeddable":true,"href":"https:\/\/bcu.opole.pl\/bcu1\/wp-json\/wp\/v2\/tags?post=1107"}],"curies":[{"name":"wp","href":"https:\/\/api.w.org\/{rel}","templated":true}]}}